{"id":26556,"date":"2024-05-29T15:08:42","date_gmt":"2024-05-29T18:08:42","guid":{"rendered":"https:\/\/acrj.org.br\/?p=26556"},"modified":"2024-06-05T15:51:30","modified_gmt":"2024-06-05T18:51:30","slug":"a-nuclep-e-a-construcao-de-plataformas-no-brasil","status":"publish","type":"post","link":"https:\/\/acrj.org.br\/index.php\/2024\/05\/29\/a-nuclep-e-a-construcao-de-plataformas-no-brasil\/","title":{"rendered":"A Nuclep e a constru\u00e7\u00e3o de plataformas no Brasil"},"content":{"rendered":"\n<p>O presidente da Nuclep, Contra-Almirante Carlos Seixas, foi o convidado deste epis\u00f3dio do podcast <strong>RJ Mais Neg\u00f3cios ACRJ<\/strong>. Ele falou sobre a atua\u00e7\u00e3o da estatal brasileira, que \u00e9 uma empresa estrat\u00e9gica de defesa do pa\u00eds, e tamb\u00e9m sobre a reconstru\u00e7\u00e3o da ind\u00fastria de equipamentos pesados do Brasil, principalmente na \u00e1rea de constru\u00e7\u00e3o de plataformas para Petrobras.<\/p>\n\n\n\n<p>Dispon\u00edvel no Canal ACRJ Divulga <\/p>\n\n\n\n<p><strong><a href=\"https:\/\/youtu.be\/BekFZw6GYUk?si=x18qrP7th2UVNAHj\">Acesse aqui<\/a><\/strong><\/p>\n","protected":false},"excerpt":{"rendered":"<p>O presidente da Nuclep, Contra-Almirante Carlos Seixas, foi o convidado deste epis\u00f3dio do podcast RJ Mais Neg\u00f3cios ACRJ. Ele falou sobre a atua\u00e7\u00e3o da estatal&hellip;<\/p>\n","protected":false},"author":3,"featured_media":25614,"comment_status":"closed","ping_status":"closed","sticky":false,"template":"","format":"standard","meta":{"_exactmetrics_skip_tracking":false,"_exactmetrics_sitenote_active":false,"_exactmetrics_sitenote_note":"","_exactmetrics_sitenote_category":0,"footnotes":""},"categories":[6],"tags":[],"class_list":["post-26556","post","type-post","status-publish","format-standard","has-post-thumbnail","hentry","category-destaque_noticias"],"_links":{"self":[{"href":"https:\/\/acrj.org.br\/index.php\/wp-json\/wp\/v2\/posts\/26556","targetHints":{"allow":["GET"]}}],"collection":[{"href":"https:\/\/acrj.org.br\/index.php\/wp-json\/wp\/v2\/posts"}],"about":[{"href":"https:\/\/acrj.org.br\/index.php\/wp-json\/wp\/v2\/types\/post"}],"author":[{"embeddable":true,"href":"https:\/\/acrj.org.br\/index.php\/wp-json\/wp\/v2\/users\/3"}],"replies":[{"embeddable":true,"href":"https:\/\/acrj.org.br\/index.php\/wp-json\/wp\/v2\/comments?post=26556"}],"version-history":[{"count":0,"href":"https:\/\/acrj.org.br\/index.php\/wp-json\/wp\/v2\/posts\/26556\/revisions"}],"wp:featuredmedia":[{"embeddable":true,"href":"https:\/\/acrj.org.br\/index.php\/wp-json\/wp\/v2\/media\/25614"}],"wp:attachment":[{"href":"https:\/\/acrj.org.br\/index.php\/wp-json\/wp\/v2\/media?parent=26556"}],"wp:term":[{"taxonomy":"category","embeddable":true,"href":"https:\/\/acrj.org.br\/index.php\/wp-json\/wp\/v2\/categories?post=26556"},{"taxonomy":"post_tag","embeddable":true,"href":"https:\/\/acrj.org.br\/index.php\/wp-json\/wp\/v2\/tags?post=26556"}],"curies":[{"name":"wp","href":"https:\/\/api.w.org\/{rel}","templated":true}]}}