{"id":26502,"date":"2024-05-29T10:17:26","date_gmt":"2024-05-29T13:17:26","guid":{"rendered":"https:\/\/acrj.org.br\/?p=26502"},"modified":"2024-06-04T11:55:20","modified_gmt":"2024-06-04T14:55:20","slug":"seguranca-e-vegetacao-de-restinga-foram-temas-na-reuniao-do-conselho-do-parque-da-orla","status":"publish","type":"post","link":"https:\/\/acrj.org.br\/index.php\/2024\/05\/29\/seguranca-e-vegetacao-de-restinga-foram-temas-na-reuniao-do-conselho-do-parque-da-orla\/","title":{"rendered":"Seguran\u00e7a e vegeta\u00e7\u00e3o de restinga foram temas na reuni\u00e3o do Conselho do Parque da Orla"},"content":{"rendered":"\n<p>O sistema de monitoramento da empresa C\u00e2maras Gabriel, e o projeto piloto na Praia de Copacabana, e a vegeta\u00e7\u00e3o de restinga nas praias da Barra e do Recreio, que vem acumulando problemas para frequentadores e moradores, foram temas da reuni\u00e3o do Conselho Empresarial do Parque da Orla da ACRJ, nesta 3\u00aa feira (28\/5). O encontro foi coordenado pelo presidente do Conselho, Jo\u00e3o Marcello Barreto, e o vice-presidente, Leonardo Macie, e contou com a participa\u00e7\u00e3o da Delegada Danielle Bulus, da Delegacia de Atendimento ao Turista (DEAT), e do comanda no BPTur (Batalh\u00e3o de Pol\u00edcia Tur\u00edstica), Ten Cel PM Scherrer.<\/p>\n\n\n\n<p>Os representantes das C\u00e2maras Gabriel, Caio Almeida e Jo\u00e3o Gabriel Menezes, explicaram o funcionamento desta tecnologia inteligente, que possui mais de 6 mil c\u00e2maras espalhadas em sua \u00e1rea de abrang\u00eancia incluindo a sede da ACRJ. Caio Almeida destacou a parceria com a Associa\u00e7\u00e3o Comercial do Rio de Janeiro que hoje est\u00e1 protegida, e seu entorno, com sete c\u00e2maras camale\u00e3o (como s\u00e3o chamados o par de c\u00e2maras que a empresa instala nas \u00e1reas de videomonitoramento).<\/p>\n\n\n\n<p>Segundo ele, a empresa tem o prop\u00f3sito de contribuir com as autoridades p\u00fablicas de seguran\u00e7a para tornar ruas, bairros e cidades mais inteligentes para que se possa ter \u201cseguran\u00e7a em qualquer lugar\u201d. Ele mostrou que desde 2021, a Gabriel aumentou em 44 vezes o n\u00famero de an\u00e1lises de ocorr\u00eancias criminais. A empresa tem acordos de coopera\u00e7\u00e3o com as Pol\u00edcias Civil e Militar para um trabalho de apoio aos dois \u00f3rg\u00e3os p\u00fablicos.<\/p>\n\n\n\n<p>Os representantes da empresa explicaram a parceria com a Orla Rio, que tem \u00e0 frente o presidente do Conselho, Jo\u00e3o Marcello Barreto, para o projeto piloto na Praia de Copacabana. Ser\u00e3o instalados 64 camale\u00f5es ao longo da praia, cobrindo 70% da orla. \u201cO monitoramento do lado da praia n\u00e3o existia pela dificuldade de instala\u00e7\u00e3o de c\u00e2meras por n\u00e3o contar com edifica\u00e7\u00f5es. Esta parceria com a Gabriel e demais parceiros, Fecom\u00e9rcio e Sindhot\u00e9is, ser\u00e1 fundamental para dar mais seguran\u00e7a aos frequentadores da Paria de Copacabana. A partir deste piloto, vamos levar esta tecnologia para as demais praias do Rio\u201d, informou Jo\u00e3o Marcello.<\/p>\n\n\n\n<p>No segundo tema da reuni\u00e3o, o sub-prefeito da Barra e do Recreio, Raphael Lima, ouviu os relatos de quem atua na orla dos dois bairros sobre a vegeta\u00e7\u00e3o na restinga, que se acumula e provoca muito problemas na regi\u00e3o, principalmente de seguran\u00e7a. O presidente Jo\u00e3o Marcello apresentou um <strong><a href=\"https:\/\/acrj.org.br\/wp-content\/uploads\/2024\/05\/Video-do-WhatsApp-de-2024-05-28-as-13.48.06_bdf235bf.mp4\">v\u00eddeo <\/a><\/strong>produzido sobre o tema, com o objetivo de debater e buscar solu\u00e7\u00f5es junto ao poder p\u00fablico, com apoio da iniciativa privada, para minimizar este problema. Segundo ele, a quest\u00e3o \u00e9 muito abrangente e envolve, seguran\u00e7a, limpeza, meio ambiente, sa\u00fade p\u00fablica e at\u00e9 mesmo assist\u00eancia social, j\u00e1 que o local atrai muitos moradores de rua.<\/p>\n\n\n\n<p>Raphael Lima informou que n\u00e3o h\u00e1 na Prefeitura um \u00f3rg\u00e3o que fique 100% respons\u00e1vel pela vegeta\u00e7\u00e3o na restinga. A orla da Barra e do Recreio, de acordo com ele, possui 26 km de extens\u00e3o e quase 400 quiosques instalados. \u201cO ideal seria firmar uma parceria com esses operadores para que possam adotar a \u00e1rea e cuidar desses locais de restinga. Sem querer tirar a responsabilidade do Poder P\u00fablico, mas hoje a Prefeitura atua atrav\u00e9s de medidas compensat\u00f3rias sempre que um empreendimento vai se instalar em um desses locais. N\u00e3o h\u00e1 uma atua\u00e7\u00e3o constante e atrav\u00e9s de uma parceria com a iniciativa privada a solu\u00e7\u00e3o seria mais r\u00e1pida\u201d, disse.<\/p>\n\n\n\n<p>Maria Clara Vieira Ferreira, gestora pelo meio ambiente das orlas mar\u00edtimas, disse que em rela\u00e7\u00e3o aos arbustos a Secretaria vai analisar a possibilidade de fazer a remo\u00e7\u00e3o, em parceria com a Comlurb, daqueles que n\u00e3o s\u00e3o nativos, a partir de uma \u201ca\u00e7\u00e3o que precisa ser muito bem estruturada\u201d. Ela informou que dia 4 de junho ter\u00e1 in\u00edcio a vistoria t\u00e9cnica.<\/p>\n\n\n\n<p>Jo\u00e3o Marcello adiantou que o processo da ado\u00e7\u00e3o \u00e9 muito lento e sugeriu criar um projeto piloto, liderado pela Orla Rio, no trecho mais problem\u00e1tico entre Barra e Recreio. \u201cA Orla Rio pode adotar este trecho que seria o piloto. Dando certo serviria de exemplo para atrair outras empresas interessadas em adotar. Mas \u00e9 preciso facilitar esta ado\u00e7\u00e3o, eliminando as barreiras burocr\u00e1ticas\u201d, disse. O vice do Conselho, Leonardo Maciel, acrescentou que ao realizar este piloto, \u201cser\u00e1 uma a\u00e7\u00e3o que vai convergir todos os agentes envolvidos, desde a Pol\u00edcia Militar, a \u00e1rea de assist\u00eancia social do munic\u00edpio, Secretaria de Meio Ambiente as associa\u00e7\u00f5es de moradores, para aparar todas as arestas e evitar qualquer tipo de ru\u00eddo nesta comunica\u00e7\u00e3o.\u201d Raphael Lima se prontificou a marcar a reuni\u00e3o para dar in\u00edcio a este processo de estruturar o projeto piloto.<\/p>\n\n\n\n<figure class=\"wp-block-image size-large is-resized\"><img fetchpriority=\"high\" decoding=\"async\" width=\"1024\" height=\"543\" src=\"https:\/\/acrj.org.br\/wp-content\/uploads\/2024\/05\/mesa-4-1024x543.jpg\" alt=\"\" class=\"wp-image-26505\" style=\"width:400px\" srcset=\"https:\/\/acrj.org.br\/wp-content\/uploads\/2024\/05\/mesa-4-1024x543.jpg 1024w, https:\/\/acrj.org.br\/wp-content\/uploads\/2024\/05\/mesa-4-300x159.jpg 300w, https:\/\/acrj.org.br\/wp-content\/uploads\/2024\/05\/mesa-4-768x407.jpg 768w, https:\/\/acrj.org.br\/wp-content\/uploads\/2024\/05\/mesa-4-1536x815.jpg 1536w, https:\/\/acrj.org.br\/wp-content\/uploads\/2024\/05\/mesa-4-600x318.jpg 600w, https:\/\/acrj.org.br\/wp-content\/uploads\/2024\/05\/mesa-4.jpg 2000w\" sizes=\"(max-width: 1024px) 100vw, 1024px\" \/><figcaption class=\"wp-element-caption\">Leonardo Maciel, Raphael Lima, Comandante Scherrer, Delegada Daniella, Jo\u00e3o Marcelo e Pedro Guimar\u00e3es<\/figcaption><\/figure>\n\n\n\n<figure class=\"wp-block-gallery has-nested-images columns-default is-cropped wp-block-gallery-1 is-layout-flex wp-block-gallery-is-layout-flex\">\n<figure class=\"wp-block-image size-large\"><img decoding=\"async\" width=\"1024\" height=\"712\" data-id=\"26507\" src=\"https:\/\/acrj.org.br\/wp-content\/uploads\/2024\/05\/cameras-gabriel-1024x712.jpg\" alt=\"\" class=\"wp-image-26507\" srcset=\"https:\/\/acrj.org.br\/wp-content\/uploads\/2024\/05\/cameras-gabriel-1024x712.jpg 1024w, https:\/\/acrj.org.br\/wp-content\/uploads\/2024\/05\/cameras-gabriel-300x208.jpg 300w, https:\/\/acrj.org.br\/wp-content\/uploads\/2024\/05\/cameras-gabriel-768x534.jpg 768w, https:\/\/acrj.org.br\/wp-content\/uploads\/2024\/05\/cameras-gabriel-1536x1067.jpg 1536w, https:\/\/acrj.org.br\/wp-content\/uploads\/2024\/05\/cameras-gabriel-2048x1423.jpg 2048w, https:\/\/acrj.org.br\/wp-content\/uploads\/2024\/05\/cameras-gabriel-600x417.jpg 600w\" sizes=\"(max-width: 1024px) 100vw, 1024px\" \/><figcaption class=\"wp-element-caption\">Caio e Jo\u00e3o Gabriel, da empresa C\u00e2meras Gabriel<\/figcaption><\/figure>\n\n\n\n<figure class=\"wp-block-image size-large\"><img decoding=\"async\" width=\"979\" height=\"908\" data-id=\"26508\" src=\"https:\/\/acrj.org.br\/wp-content\/uploads\/2024\/05\/acrj.jpeg1_.jpeg\" alt=\"\" class=\"wp-image-26508\" srcset=\"https:\/\/acrj.org.br\/wp-content\/uploads\/2024\/05\/acrj.jpeg1_.jpeg 979w, https:\/\/acrj.org.br\/wp-content\/uploads\/2024\/05\/acrj.jpeg1_-300x278.jpeg 300w, https:\/\/acrj.org.br\/wp-content\/uploads\/2024\/05\/acrj.jpeg1_-768x712.jpeg 768w, https:\/\/acrj.org.br\/wp-content\/uploads\/2024\/05\/acrj.jpeg1_-600x556.jpeg 600w\" sizes=\"(max-width: 979px) 100vw, 979px\" \/><figcaption class=\"wp-element-caption\">ACRJ recebeu monitoramento da Gabriel este ano<\/figcaption><\/figure>\n<\/figure>\n\n\n\n<figure class=\"wp-block-image size-large is-resized\"><img loading=\"lazy\" decoding=\"async\" width=\"1024\" height=\"768\" src=\"https:\/\/acrj.org.br\/wp-content\/uploads\/2024\/05\/mesa2-1024x768.jpeg\" alt=\"\" class=\"wp-image-26506\" style=\"width:400px\" srcset=\"https:\/\/acrj.org.br\/wp-content\/uploads\/2024\/05\/mesa2-1024x768.jpeg 1024w, https:\/\/acrj.org.br\/wp-content\/uploads\/2024\/05\/mesa2-300x225.jpeg 300w, https:\/\/acrj.org.br\/wp-content\/uploads\/2024\/05\/mesa2-768x576.jpeg 768w, https:\/\/acrj.org.br\/wp-content\/uploads\/2024\/05\/mesa2-1536x1152.jpeg 1536w, https:\/\/acrj.org.br\/wp-content\/uploads\/2024\/05\/mesa2-600x450.jpeg 600w, https:\/\/acrj.org.br\/wp-content\/uploads\/2024\/05\/mesa2.jpeg 2048w\" sizes=\"(max-width: 1024px) 100vw, 1024px\" \/><\/figure>\n","protected":false},"excerpt":{"rendered":"<p>O sistema de monitoramento da empresa C\u00e2maras Gabriel, e o projeto piloto na Praia de Copacabana, e a vegeta\u00e7\u00e3o de restinga nas praias da Barra&hellip;<\/p>\n","protected":false},"author":3,"featured_media":26504,"comment_status":"closed","ping_status":"closed","sticky":false,"template":"","format":"standard","meta":{"_exactmetrics_skip_tracking":false,"_exactmetrics_sitenote_active":false,"_exactmetrics_sitenote_note":"","_exactmetrics_sitenote_category":0,"footnotes":""},"categories":[56],"tags":[],"class_list":["post-26502","post","type-post","status-publish","format-standard","has-post-thumbnail","hentry","category-destaque_conselhos"],"_links":{"self":[{"href":"https:\/\/acrj.org.br\/index.php\/wp-json\/wp\/v2\/posts\/26502","targetHints":{"allow":["GET"]}}],"collection":[{"href":"https:\/\/acrj.org.br\/index.php\/wp-json\/wp\/v2\/posts"}],"about":[{"href":"https:\/\/acrj.org.br\/index.php\/wp-json\/wp\/v2\/types\/post"}],"author":[{"embeddable":true,"href":"https:\/\/acrj.org.br\/index.php\/wp-json\/wp\/v2\/users\/3"}],"replies":[{"embeddable":true,"href":"https:\/\/acrj.org.br\/index.php\/wp-json\/wp\/v2\/comments?post=26502"}],"version-history":[{"count":0,"href":"https:\/\/acrj.org.br\/index.php\/wp-json\/wp\/v2\/posts\/26502\/revisions"}],"wp:featuredmedia":[{"embeddable":true,"href":"https:\/\/acrj.org.br\/index.php\/wp-json\/wp\/v2\/media\/26504"}],"wp:attachment":[{"href":"https:\/\/acrj.org.br\/index.php\/wp-json\/wp\/v2\/media?parent=26502"}],"wp:term":[{"taxonomy":"category","embeddable":true,"href":"https:\/\/acrj.org.br\/index.php\/wp-json\/wp\/v2\/categories?post=26502"},{"taxonomy":"post_tag","embeddable":true,"href":"https:\/\/acrj.org.br\/index.php\/wp-json\/wp\/v2\/tags?post=26502"}],"curies":[{"name":"wp","href":"https:\/\/api.w.org\/{rel}","templated":true}]}}