{"id":26481,"date":"2024-05-28T11:02:13","date_gmt":"2024-05-28T14:02:13","guid":{"rendered":"https:\/\/acrj.org.br\/?p=26481"},"modified":"2024-05-29T12:22:41","modified_gmt":"2024-05-29T15:22:41","slug":"projeto-aquaviario-para-ligar-o-galeao-e-o-santos-dumont-e-apresentado-na-reuniao-do-conselho-de-turismo","status":"publish","type":"post","link":"https:\/\/acrj.org.br\/index.php\/2024\/05\/28\/projeto-aquaviario-para-ligar-o-galeao-e-o-santos-dumont-e-apresentado-na-reuniao-do-conselho-de-turismo\/","title":{"rendered":"Projeto aquavi\u00e1rio entre Gale\u00e3o e Santos Dumont \u00e9 apresentado na reuni\u00e3o do Conselho de Turismo"},"content":{"rendered":"\n<p>O Conselho Empresarial do Ecossistema do Turismo da ACRJ recebeu, dia 27\/5, o diretor-presidente da Companhia Carioca de Parcerias e Investimentos \u2013 CCPAR, Gustavo Guerrante, que apresentou o projeto de concess\u00e3o para implanta\u00e7\u00e3o, opera\u00e7\u00e3o e manuten\u00e7\u00e3o do sistema de transporte aquavi\u00e1rio entre os aeroportos Santos Dumont e Gale\u00e3o. Ele informou que a licita\u00e7\u00e3o est\u00e1 marcada para o dia 6 de junho e o lance ser\u00e1 o maior desconto sobre valor m\u00e1ximo de Aporte P\u00fablico, estabelecido em R$ 24,3 milh\u00f5es.<\/p>\n\n\n\n<p>De acordo com Guerrante, o objetivo do projeto \u00e9 apoiar o retorno do protagonismo do Gale\u00e3o no fluxo a\u00e9reo de passageiros no Brasil, criando nova op\u00e7\u00e3o de transporte mais r\u00e1pida, segura, sustent\u00e1vel e agrad\u00e1vel para o usu\u00e1rio. \u201cPretendemos que seja uma experi\u00eancia para o usu\u00e1rio, passageiro ou n\u00e3o dos aeroportos. \u00c9 uma oportunidade tamb\u00e9m para explora\u00e7\u00e3o do turismo n\u00e1utico\u201d, disse.<\/p>\n\n\n\n<p>A travessia ter\u00e1 15,7 km de extens\u00e3o e dura\u00e7\u00e3o de 35 minutos de navega\u00e7\u00e3o pela Ba\u00eda de Guanabara, do Santos Dumont at\u00e9 a entrada da Ilha do Governador, e mais 10 minutos de transfer at\u00e9 o Gale\u00e3o. A empresa vencedora ter\u00e1 30 anos de concess\u00e3o, precisar\u00e1 construir os dois terminais e adquirir e fazer a manuten\u00e7\u00e3o das embarca\u00e7\u00f5es de acordo com os crit\u00e9rios estabelecidos no Termo de Refer\u00eancia, entre outras obriga\u00e7\u00f5es. As embarca\u00e7\u00f5es precisam ser do tipo Catamar\u00e3 ou Monocascos e 100% el\u00e9trica ou h\u00edbrida, com sistema de climatiza\u00e7\u00e3o para passageiros e tripula\u00e7\u00e3o.<\/p>\n\n\n\n<p>Os conselheiros fizeram v\u00e1rias considera\u00e7\u00f5es, entre elas, o presidente do Conselho, S\u00e1vio Neves, que chamou a aten\u00e7\u00e3o para o fato de que o projeto poderia contemplar uma experi\u00eancia mais completa nesta conex\u00e3o, incluindo o despacho de bagagem ainda no terminal da barca e at\u00e9 mesmo o checking. \u201cIsso iria proporcionar maior conforto e ades\u00e3o por parte dos passageiros. O projeto como um todo j\u00e1 seria um ganho, j\u00e1 que evitar\u00e1 a circula\u00e7\u00e3o pela Linha Vermelha, atualmente uma via com muitos problemas para quem chega e sai da cidade\u201d, acrescentou.<\/p>\n\n\n\n<p>Durante a reuni\u00e3o tamb\u00e9m foram abordados outros temas de interesse do setor, como uma atualiza\u00e7\u00e3o do Programa Emergencial de Retomada do Setor de Eventos (Perse). O Projeto de Lei n\u00ba 1.026\/2024, que retoma e reformula incentivos do Programa foi sancionada na \u00faltima semana. O texto isenta prestadores de servi\u00e7os e empresas ligadas ao ramo do pagamento de Imposto sobre a Renda das Pessoas Jur\u00eddicas (IRPJ); da Contribui\u00e7\u00e3o Social sobre o Lucro L\u00edquido (CSLL) e de PIS\/Cofins pelo prazo de 60 meses.<\/p>\n\n\n\n<p>Os membros do Conselho ainda definiram que v\u00e3o elencar as demandas do setor do turismo para apresenta\u00e7\u00e3o aso candidatos \u00e0 Prefeitura do Rio na elei\u00e7\u00e3o deste ano.<\/p>\n\n\n\n<figure class=\"wp-block-image size-large is-resized\"><img fetchpriority=\"high\" decoding=\"async\" width=\"1024\" height=\"604\" src=\"https:\/\/acrj.org.br\/wp-content\/uploads\/2024\/05\/grupo-2-1024x604.jpeg\" alt=\"\" class=\"wp-image-26491\" style=\"width:380px\" srcset=\"https:\/\/acrj.org.br\/wp-content\/uploads\/2024\/05\/grupo-2-1024x604.jpeg 1024w, https:\/\/acrj.org.br\/wp-content\/uploads\/2024\/05\/grupo-2-300x177.jpeg 300w, https:\/\/acrj.org.br\/wp-content\/uploads\/2024\/05\/grupo-2-768x453.jpeg 768w, https:\/\/acrj.org.br\/wp-content\/uploads\/2024\/05\/grupo-2-1536x906.jpeg 1536w, https:\/\/acrj.org.br\/wp-content\/uploads\/2024\/05\/grupo-2-600x354.jpeg 600w, https:\/\/acrj.org.br\/wp-content\/uploads\/2024\/05\/grupo-2.jpeg 2048w\" sizes=\"(max-width: 1024px) 100vw, 1024px\" \/><\/figure>\n\n\n\n<figure class=\"wp-block-image size-large is-resized\"><img decoding=\"async\" width=\"1024\" height=\"461\" src=\"https:\/\/acrj.org.br\/wp-content\/uploads\/2024\/05\/mesa-3-1024x461.jpg\" alt=\"\" class=\"wp-image-26488\" style=\"width:380px\" srcset=\"https:\/\/acrj.org.br\/wp-content\/uploads\/2024\/05\/mesa-3-1024x461.jpg 1024w, https:\/\/acrj.org.br\/wp-content\/uploads\/2024\/05\/mesa-3-300x135.jpg 300w, https:\/\/acrj.org.br\/wp-content\/uploads\/2024\/05\/mesa-3-768x346.jpg 768w, https:\/\/acrj.org.br\/wp-content\/uploads\/2024\/05\/mesa-3-1536x691.jpg 1536w, https:\/\/acrj.org.br\/wp-content\/uploads\/2024\/05\/mesa-3-600x270.jpg 600w, https:\/\/acrj.org.br\/wp-content\/uploads\/2024\/05\/mesa-3.jpg 2000w\" sizes=\"(max-width: 1024px) 100vw, 1024px\" \/><\/figure>\n\n\n\n<figure class=\"wp-block-image size-large is-resized\"><img decoding=\"async\" width=\"1024\" height=\"461\" src=\"https:\/\/acrj.org.br\/wp-content\/uploads\/2024\/05\/mesa1-1024x461.jpg\" alt=\"\" class=\"wp-image-26489\" style=\"width:380px\" srcset=\"https:\/\/acrj.org.br\/wp-content\/uploads\/2024\/05\/mesa1-1024x461.jpg 1024w, https:\/\/acrj.org.br\/wp-content\/uploads\/2024\/05\/mesa1-300x135.jpg 300w, https:\/\/acrj.org.br\/wp-content\/uploads\/2024\/05\/mesa1-768x346.jpg 768w, https:\/\/acrj.org.br\/wp-content\/uploads\/2024\/05\/mesa1-1536x691.jpg 1536w, https:\/\/acrj.org.br\/wp-content\/uploads\/2024\/05\/mesa1-600x270.jpg 600w, https:\/\/acrj.org.br\/wp-content\/uploads\/2024\/05\/mesa1.jpg 2000w\" sizes=\"(max-width: 1024px) 100vw, 1024px\" \/><\/figure>\n\n\n\n<figure class=\"wp-block-image size-large is-resized\"><img loading=\"lazy\" decoding=\"async\" width=\"1024\" height=\"461\" src=\"https:\/\/acrj.org.br\/wp-content\/uploads\/2024\/05\/mesa2-1024x461.jpg\" alt=\"\" class=\"wp-image-26490\" style=\"width:380px\" srcset=\"https:\/\/acrj.org.br\/wp-content\/uploads\/2024\/05\/mesa2-1024x461.jpg 1024w, https:\/\/acrj.org.br\/wp-content\/uploads\/2024\/05\/mesa2-300x135.jpg 300w, https:\/\/acrj.org.br\/wp-content\/uploads\/2024\/05\/mesa2-768x346.jpg 768w, https:\/\/acrj.org.br\/wp-content\/uploads\/2024\/05\/mesa2-1536x691.jpg 1536w, https:\/\/acrj.org.br\/wp-content\/uploads\/2024\/05\/mesa2-600x270.jpg 600w, https:\/\/acrj.org.br\/wp-content\/uploads\/2024\/05\/mesa2.jpg 2000w\" sizes=\"(max-width: 1024px) 100vw, 1024px\" \/><\/figure>\n","protected":false},"excerpt":{"rendered":"<p>O Conselho Empresarial do Ecossistema do Turismo da ACRJ recebeu, dia 27\/5, o diretor-presidente da Companhia Carioca de Parcerias e Investimentos \u2013 CCPAR, Gustavo Guerrante,&hellip;<\/p>\n","protected":false},"author":3,"featured_media":26496,"comment_status":"closed","ping_status":"closed","sticky":false,"template":"","format":"standard","meta":{"_exactmetrics_skip_tracking":false,"_exactmetrics_sitenote_active":false,"_exactmetrics_sitenote_note":"","_exactmetrics_sitenote_category":0,"footnotes":""},"categories":[56],"tags":[],"class_list":["post-26481","post","type-post","status-publish","format-standard","has-post-thumbnail","hentry","category-destaque_conselhos"],"_links":{"self":[{"href":"https:\/\/acrj.org.br\/index.php\/wp-json\/wp\/v2\/posts\/26481","targetHints":{"allow":["GET"]}}],"collection":[{"href":"https:\/\/acrj.org.br\/index.php\/wp-json\/wp\/v2\/posts"}],"about":[{"href":"https:\/\/acrj.org.br\/index.php\/wp-json\/wp\/v2\/types\/post"}],"author":[{"embeddable":true,"href":"https:\/\/acrj.org.br\/index.php\/wp-json\/wp\/v2\/users\/3"}],"replies":[{"embeddable":true,"href":"https:\/\/acrj.org.br\/index.php\/wp-json\/wp\/v2\/comments?post=26481"}],"version-history":[{"count":0,"href":"https:\/\/acrj.org.br\/index.php\/wp-json\/wp\/v2\/posts\/26481\/revisions"}],"wp:featuredmedia":[{"embeddable":true,"href":"https:\/\/acrj.org.br\/index.php\/wp-json\/wp\/v2\/media\/26496"}],"wp:attachment":[{"href":"https:\/\/acrj.org.br\/index.php\/wp-json\/wp\/v2\/media?parent=26481"}],"wp:term":[{"taxonomy":"category","embeddable":true,"href":"https:\/\/acrj.org.br\/index.php\/wp-json\/wp\/v2\/categories?post=26481"},{"taxonomy":"post_tag","embeddable":true,"href":"https:\/\/acrj.org.br\/index.php\/wp-json\/wp\/v2\/tags?post=26481"}],"curies":[{"name":"wp","href":"https:\/\/api.w.org\/{rel}","templated":true}]}}