{"id":2647,"date":"2018-09-24T22:20:00","date_gmt":"2018-09-25T01:20:00","guid":{"rendered":"http:\/\/acrj2020.profissional.ws\/?p=2647"},"modified":"2020-02-29T22:21:30","modified_gmt":"2020-03-01T01:21:30","slug":"associacao-comercial-e-empresarial-de-regiao-bangu-comemora-50-anos","status":"publish","type":"post","link":"https:\/\/acrj.org.br\/index.php\/2018\/09\/24\/associacao-comercial-e-empresarial-de-regiao-bangu-comemora-50-anos\/","title":{"rendered":"Associa\u00e7\u00e3o Comercial e Empresarial de Regi\u00e3o Bangu comemora 50 anos"},"content":{"rendered":"\n<p>No dia 21 de setembro, a ACRJ participou do almo\u00e7o de comemora\u00e7\u00e3o dos 50 anos da Associa\u00e7\u00e3o Comercial e Empresarial de Regi\u00e3o Bangu (Acerb). Fundada em 14 de fevereiro de 1968, a Acerb, presidida por Marcelino Ant\u00f4nio D\u2019 Almeida, tem papel ativo no com\u00e9rcio, ind\u00fastria e na comunidade.<\/p>\n\n\n\n<p>O evento foi realizado no bairro de Bangu, e ACRJ esteve representada pela presidente Angela Costa, e os vice-presidentes Jos\u00e9 Antonio Nascimento Brito e Luiz Guilherme Rodrigues.<\/p>\n","protected":false},"excerpt":{"rendered":"<p>No dia 21 de setembro, a ACRJ participou do almo\u00e7o de comemora\u00e7\u00e3o dos 50 anos da Associa\u00e7\u00e3o Comercial e Empresarial de Regi\u00e3o Bangu (Acerb). Fundada&hellip;<\/p>\n","protected":false},"author":1,"featured_media":2648,"comment_status":"closed","ping_status":"open","sticky":false,"template":"","format":"standard","meta":{"_exactmetrics_skip_tracking":false,"_exactmetrics_sitenote_active":false,"_exactmetrics_sitenote_note":"","_exactmetrics_sitenote_category":0,"footnotes":""},"categories":[10],"tags":[],"class_list":["post-2647","post","type-post","status-publish","format-standard","has-post-thumbnail","hentry","category-noticias"],"_links":{"self":[{"href":"https:\/\/acrj.org.br\/index.php\/wp-json\/wp\/v2\/posts\/2647","targetHints":{"allow":["GET"]}}],"collection":[{"href":"https:\/\/acrj.org.br\/index.php\/wp-json\/wp\/v2\/posts"}],"about":[{"href":"https:\/\/acrj.org.br\/index.php\/wp-json\/wp\/v2\/types\/post"}],"author":[{"embeddable":true,"href":"https:\/\/acrj.org.br\/index.php\/wp-json\/wp\/v2\/users\/1"}],"replies":[{"embeddable":true,"href":"https:\/\/acrj.org.br\/index.php\/wp-json\/wp\/v2\/comments?post=2647"}],"version-history":[{"count":0,"href":"https:\/\/acrj.org.br\/index.php\/wp-json\/wp\/v2\/posts\/2647\/revisions"}],"wp:featuredmedia":[{"embeddable":true,"href":"https:\/\/acrj.org.br\/index.php\/wp-json\/wp\/v2\/media\/2648"}],"wp:attachment":[{"href":"https:\/\/acrj.org.br\/index.php\/wp-json\/wp\/v2\/media?parent=2647"}],"wp:term":[{"taxonomy":"category","embeddable":true,"href":"https:\/\/acrj.org.br\/index.php\/wp-json\/wp\/v2\/categories?post=2647"},{"taxonomy":"post_tag","embeddable":true,"href":"https:\/\/acrj.org.br\/index.php\/wp-json\/wp\/v2\/tags?post=2647"}],"curies":[{"name":"wp","href":"https:\/\/api.w.org\/{rel}","templated":true}]}}