{"id":26448,"date":"2024-05-27T10:50:14","date_gmt":"2024-05-27T13:50:14","guid":{"rendered":"https:\/\/acrj.org.br\/?p=26448"},"modified":"2024-05-29T12:20:13","modified_gmt":"2024-05-29T15:20:13","slug":"importancia-do-associativismo-foi-tema-da-palestra-de-ex-presidente-do-conselho-de-jovens-da-acrj","status":"publish","type":"post","link":"https:\/\/acrj.org.br\/index.php\/2024\/05\/27\/importancia-do-associativismo-foi-tema-da-palestra-de-ex-presidente-do-conselho-de-jovens-da-acrj\/","title":{"rendered":"Ex-presidente do Conselho de Jovens da ACRJ fala sobre import\u00e2ncia do associativismo"},"content":{"rendered":"\n<p>O empres\u00e1rio Sandro Schuback, ex-presidente do Conselho Empresarial de Jovens, h\u00e1 27 anos, participou da reuni\u00e3o do Conselho, dia 23 de maio, e falou sobre a import\u00e2ncia do associativismo e como a participa\u00e7\u00e3o na ACRJ influenciou sua trajet\u00f3ria. Hoje, Schuback \u00e9 s\u00f3cio diretor na Essen Energia Solar e organizador da feira de arquitetura e decora\u00e7\u00e3o Morar Mais.<\/p>\n\n\n\n<p>Ele contou que sua entrada na Associa\u00e7\u00e3o Comercial se deu atrav\u00e9s da ent\u00e3o rede de amigos e jovens empres\u00e1rios que gostariam de ter um grupo representativo deles e a partir da\u00ed passou a integrar o Conselho de Pol\u00edticas Econ\u00f4micas. Naquela ocasi\u00e3o, ele atuava no setor de concession\u00e1rias de ve\u00edculos, no neg\u00f3cio da fam\u00edlia, e contribu\u00eda com o conselho trazendo informa\u00e7\u00f5es e dados deste segmento. \u201cEste per\u00edodo foi muito importante para minha forma\u00e7\u00e3o porque convivi com grandes empres\u00e1rios e quando somos jovens buscamos refer\u00eancias e queremos absorver toda informa\u00e7\u00e3o poss\u00edvel para o nosso HD. E este per\u00edodo me ajudou a tomar v\u00e1rias decis\u00f5es profissionais no futuro\u201d, disse. Ele contou, inclusive, que o Conselho de Jovens criado pela Firjan, foi inspirado no Conselho da ACRJ.<\/p>\n\n\n\n<p>Quando assumiu a presid\u00eancia do Conselho de Jovens, no final dos anos 1990, foram organizados muito encontros com diversos jovens pol\u00edticos da \u00e9poca. Ele acredita que o Conselho teve uma atua\u00e7\u00e3o muito importante n\u00e3o s\u00f3 para os jovens que o integravam, principalmente pelo network que proporcionava e a possibilidade de fazer neg\u00f3cios, como tamb\u00e9m junto aos demais conselhos da ACRJ.<\/p>\n\n\n\n<p>Mesmo agora, com as redes sociais \u201cfacilitando muito as rela\u00e7\u00f5es, at\u00e9 mesmo comercialmente falando, nada substitui o olho no olho. Acho que o associativismo est\u00e1 no DNA de cada um. Mas acredito que \u00e9 onde encontramos as refer\u00eancias\u201d, acredita.<\/p>\n\n\n\n<p>Ele ressaltou que se pudesse voltar no tempo aproximaria mais o Conselho de Jovens da sua \u00e9poca com as universidades. \u201cAcho que eu estimularia as parcerias com as universidades, para atrair os jovens para o Conselho ap\u00f3s se formarem. Acho que aqui \u00e9 ponte importante porque promove uma aproxima\u00e7\u00e3o com o mercado para quem \u00e9 rec\u00e9m-formado. \u00c9 algo que acontece muito em outros pa\u00edses\u201d, disse, completando que tamb\u00e9m \u00e9 uma forma de facilitar a entrada do jovem ao mundo do associativismo.<\/p>\n\n\n\n<p>O presidente do Conselho, Pedro Rafael, informou que, de fato, n\u00e3o h\u00e1 uma parceria formalizada com as universidades, mas h\u00e1 uma aproxima\u00e7\u00e3o com algumas delas para atrair os jovens para o Conselho. \u201cO que tem funcionado de forma bastante positiva\u201d, completou.<\/p>\n\n\n\n<figure class=\"wp-block-image size-large is-resized\"><img fetchpriority=\"high\" decoding=\"async\" width=\"1024\" height=\"476\" src=\"https:\/\/acrj.org.br\/wp-content\/uploads\/2024\/05\/mesa-2-1024x476.jpg\" alt=\"\" class=\"wp-image-26451\" style=\"width:450px\" srcset=\"https:\/\/acrj.org.br\/wp-content\/uploads\/2024\/05\/mesa-2-1024x476.jpg 1024w, https:\/\/acrj.org.br\/wp-content\/uploads\/2024\/05\/mesa-2-300x139.jpg 300w, https:\/\/acrj.org.br\/wp-content\/uploads\/2024\/05\/mesa-2-768x357.jpg 768w, https:\/\/acrj.org.br\/wp-content\/uploads\/2024\/05\/mesa-2-1536x713.jpg 1536w, https:\/\/acrj.org.br\/wp-content\/uploads\/2024\/05\/mesa-2-600x279.jpg 600w, https:\/\/acrj.org.br\/wp-content\/uploads\/2024\/05\/mesa-2.jpg 1938w\" sizes=\"(max-width: 1024px) 100vw, 1024px\" \/><figcaption class=\"wp-element-caption\">Victor Mota, vice do Conselho, Pedro Rafael e Sandro Schuback<\/figcaption><\/figure>\n\n\n\n<figure class=\"wp-block-image size-large is-resized\"><img decoding=\"async\" width=\"1024\" height=\"461\" src=\"https:\/\/acrj.org.br\/wp-content\/uploads\/2024\/05\/home-4-1024x461.jpg\" alt=\"\" class=\"wp-image-26450\" style=\"width:450px\" srcset=\"https:\/\/acrj.org.br\/wp-content\/uploads\/2024\/05\/home-4-1024x461.jpg 1024w, https:\/\/acrj.org.br\/wp-content\/uploads\/2024\/05\/home-4-300x135.jpg 300w, https:\/\/acrj.org.br\/wp-content\/uploads\/2024\/05\/home-4-768x346.jpg 768w, https:\/\/acrj.org.br\/wp-content\/uploads\/2024\/05\/home-4-1536x691.jpg 1536w, https:\/\/acrj.org.br\/wp-content\/uploads\/2024\/05\/home-4-600x270.jpg 600w, https:\/\/acrj.org.br\/wp-content\/uploads\/2024\/05\/home-4.jpg 2000w\" sizes=\"(max-width: 1024px) 100vw, 1024px\" \/><\/figure>\n","protected":false},"excerpt":{"rendered":"<p>O empres\u00e1rio Sandro Schuback, ex-presidente do Conselho Empresarial de Jovens, h\u00e1 27 anos, participou da reuni\u00e3o do Conselho, dia 23 de maio, e falou sobre&hellip;<\/p>\n","protected":false},"author":3,"featured_media":26449,"comment_status":"closed","ping_status":"closed","sticky":false,"template":"","format":"standard","meta":{"_exactmetrics_skip_tracking":false,"_exactmetrics_sitenote_active":false,"_exactmetrics_sitenote_note":"","_exactmetrics_sitenote_category":0,"footnotes":""},"categories":[56],"tags":[],"class_list":["post-26448","post","type-post","status-publish","format-standard","has-post-thumbnail","hentry","category-destaque_conselhos"],"_links":{"self":[{"href":"https:\/\/acrj.org.br\/index.php\/wp-json\/wp\/v2\/posts\/26448","targetHints":{"allow":["GET"]}}],"collection":[{"href":"https:\/\/acrj.org.br\/index.php\/wp-json\/wp\/v2\/posts"}],"about":[{"href":"https:\/\/acrj.org.br\/index.php\/wp-json\/wp\/v2\/types\/post"}],"author":[{"embeddable":true,"href":"https:\/\/acrj.org.br\/index.php\/wp-json\/wp\/v2\/users\/3"}],"replies":[{"embeddable":true,"href":"https:\/\/acrj.org.br\/index.php\/wp-json\/wp\/v2\/comments?post=26448"}],"version-history":[{"count":0,"href":"https:\/\/acrj.org.br\/index.php\/wp-json\/wp\/v2\/posts\/26448\/revisions"}],"wp:featuredmedia":[{"embeddable":true,"href":"https:\/\/acrj.org.br\/index.php\/wp-json\/wp\/v2\/media\/26449"}],"wp:attachment":[{"href":"https:\/\/acrj.org.br\/index.php\/wp-json\/wp\/v2\/media?parent=26448"}],"wp:term":[{"taxonomy":"category","embeddable":true,"href":"https:\/\/acrj.org.br\/index.php\/wp-json\/wp\/v2\/categories?post=26448"},{"taxonomy":"post_tag","embeddable":true,"href":"https:\/\/acrj.org.br\/index.php\/wp-json\/wp\/v2\/tags?post=26448"}],"curies":[{"name":"wp","href":"https:\/\/api.w.org\/{rel}","templated":true}]}}