{"id":26422,"date":"2024-05-22T16:30:17","date_gmt":"2024-05-22T19:30:17","guid":{"rendered":"https:\/\/acrj.org.br\/?p=26422"},"modified":"2024-05-29T12:20:21","modified_gmt":"2024-05-29T15:20:21","slug":"conselho-de-turismo-vai-debater-o-projeto-aquaviario-entre-o-galeao-e-o-santos-dumont","status":"publish","type":"post","link":"https:\/\/acrj.org.br\/index.php\/2024\/05\/22\/conselho-de-turismo-vai-debater-o-projeto-aquaviario-entre-o-galeao-e-o-santos-dumont\/","title":{"rendered":"Conselho de Turismo vai debater o projeto aquavi\u00e1rio entre o Gale\u00e3o e o Santos Dumont"},"content":{"rendered":"\n<p>O Conselho Empresarial do Ecossistema do Turismo da ACRJ promove reuni\u00e3o, dia 27 de maio, e contar\u00e1 com a presen\u00e7a do diretor-presidente da Companhia Carioca de Parcerias e Investimento \u2013 CCPAR, e do diretor de Estrutura\u00e7\u00e3o e Projetos da CCPAR, Lucas Costa. Eles v\u00e3o falar sobre o projeto aquavi\u00e1rio que ligar\u00e1 os aeroportos Internacional do Gale\u00e3o e Santos Dumont.<\/p>\n\n\n\n<p>Tamb\u00e9m ser\u00e3o debatidos o Programa Emergencial de Retomada do Setor de Eventos (Perse) e as demandas do setor do turismo para apresenta\u00e7\u00e3o aos candidatos \u00e0 Prefeitura do Rio na elei\u00e7\u00e3o deste ano.<\/p>\n\n\n\n<p>Para participar, inscreva-se <strong><a href=\"https:\/\/forms.gle\/NnHs1GZrZGK4rsBf9\">neste link<\/a><\/strong><\/p>\n\n\n\n<p><strong>SERVI\u00c7O<\/strong><\/p>\n\n\n\n<p>&#x1f4cc; Data: 27\/5\/2024<br>&#x1f552; Hor\u00e1rio: 16 horas<br>&#x1f3e2; Local: Sede da Associa\u00e7\u00e3o Comercial do RJ &#8211; ACRJ &#8211; Rua Candel\u00e1ria, 9\/12\u00ba andar &#8211; Centro &#8211; RJ<br>&#x260e; Informa\u00e7\u00f5es: 2514-1203<\/p>\n","protected":false},"excerpt":{"rendered":"<p>O Conselho Empresarial do Ecossistema do Turismo da ACRJ promove reuni\u00e3o, dia 27 de maio, e contar\u00e1 com a presen\u00e7a do diretor-presidente da Companhia Carioca&hellip;<\/p>\n","protected":false},"author":3,"featured_media":26429,"comment_status":"closed","ping_status":"closed","sticky":false,"template":"","format":"standard","meta":{"_exactmetrics_skip_tracking":false,"_exactmetrics_sitenote_active":false,"_exactmetrics_sitenote_note":"","_exactmetrics_sitenote_category":0,"footnotes":""},"categories":[83],"tags":[],"class_list":["post-26422","post","type-post","status-publish","format-standard","has-post-thumbnail","hentry","category-eventos_acrj"],"_links":{"self":[{"href":"https:\/\/acrj.org.br\/index.php\/wp-json\/wp\/v2\/posts\/26422","targetHints":{"allow":["GET"]}}],"collection":[{"href":"https:\/\/acrj.org.br\/index.php\/wp-json\/wp\/v2\/posts"}],"about":[{"href":"https:\/\/acrj.org.br\/index.php\/wp-json\/wp\/v2\/types\/post"}],"author":[{"embeddable":true,"href":"https:\/\/acrj.org.br\/index.php\/wp-json\/wp\/v2\/users\/3"}],"replies":[{"embeddable":true,"href":"https:\/\/acrj.org.br\/index.php\/wp-json\/wp\/v2\/comments?post=26422"}],"version-history":[{"count":0,"href":"https:\/\/acrj.org.br\/index.php\/wp-json\/wp\/v2\/posts\/26422\/revisions"}],"wp:featuredmedia":[{"embeddable":true,"href":"https:\/\/acrj.org.br\/index.php\/wp-json\/wp\/v2\/media\/26429"}],"wp:attachment":[{"href":"https:\/\/acrj.org.br\/index.php\/wp-json\/wp\/v2\/media?parent=26422"}],"wp:term":[{"taxonomy":"category","embeddable":true,"href":"https:\/\/acrj.org.br\/index.php\/wp-json\/wp\/v2\/categories?post=26422"},{"taxonomy":"post_tag","embeddable":true,"href":"https:\/\/acrj.org.br\/index.php\/wp-json\/wp\/v2\/tags?post=26422"}],"curies":[{"name":"wp","href":"https:\/\/api.w.org\/{rel}","templated":true}]}}