{"id":2638,"date":"2018-09-26T21:16:00","date_gmt":"2018-09-27T00:16:00","guid":{"rendered":"http:\/\/acrj2020.profissional.ws\/?p=2638"},"modified":"2020-02-29T22:17:23","modified_gmt":"2020-03-01T01:17:23","slug":"vinicius-de-moraes-e-homenageado-pelo-instituto-cravo-albin","status":"publish","type":"post","link":"https:\/\/acrj.org.br\/index.php\/2018\/09\/26\/vinicius-de-moraes-e-homenageado-pelo-instituto-cravo-albin\/","title":{"rendered":"Vinicius de Moraes \u00e9 homenageado pelo Instituto Cravo Albin"},"content":{"rendered":"\n<p>A Associa\u00e7\u00e3o Comercial do Rio de Janeiro (ACRJ) marcou presen\u00e7a na homenagem feita pelo presidente do Instituto Cravo Albin e presidente de honra do Conselho Empresarial de Assuntos Culturais da ACRJ, Ricardo Cravo Albin, ao m\u00fasico e poeta Vinicius de Moraes. O tributo com declama\u00e7\u00f5es de poesias e acordes do &#8220;Poetinha&#8221; foi realizado no dia 25 de setembro, na sede do Instituto, no bairro da Urca.<\/p>\n\n\n\n<p>Estiveram presentes no evento (foto esquerda para direita) a presidente do Conselho Empresarial de Assuntos Culturais, Vera Tostes; a chefe de cerimonial da ACRJ, L\u00facia Ach\u00e9; o vice-presidente do Conselho Empresarial de Assuntos Culturais Reinaldo Paes Barreto; a presidente da ACRJ, Angela Costa; o presidente de honra do Conselho Empresarial de Assuntos Culturais e do Instituto Cravo Albin, Ricardo Cravo Albin; e os conselheiros de Assuntos Culturais, Maria Eug\u00eania Stein e Haroldo Costa.<\/p>\n","protected":false},"excerpt":{"rendered":"<p>A Associa\u00e7\u00e3o Comercial do Rio de Janeiro (ACRJ) marcou presen\u00e7a na homenagem feita pelo presidente do Instituto Cravo Albin e presidente de honra do Conselho&hellip;<\/p>\n","protected":false},"author":1,"featured_media":2639,"comment_status":"closed","ping_status":"open","sticky":false,"template":"","format":"standard","meta":{"_exactmetrics_skip_tracking":false,"_exactmetrics_sitenote_active":false,"_exactmetrics_sitenote_note":"","_exactmetrics_sitenote_category":0,"footnotes":""},"categories":[10],"tags":[],"class_list":["post-2638","post","type-post","status-publish","format-standard","has-post-thumbnail","hentry","category-noticias"],"_links":{"self":[{"href":"https:\/\/acrj.org.br\/index.php\/wp-json\/wp\/v2\/posts\/2638","targetHints":{"allow":["GET"]}}],"collection":[{"href":"https:\/\/acrj.org.br\/index.php\/wp-json\/wp\/v2\/posts"}],"about":[{"href":"https:\/\/acrj.org.br\/index.php\/wp-json\/wp\/v2\/types\/post"}],"author":[{"embeddable":true,"href":"https:\/\/acrj.org.br\/index.php\/wp-json\/wp\/v2\/users\/1"}],"replies":[{"embeddable":true,"href":"https:\/\/acrj.org.br\/index.php\/wp-json\/wp\/v2\/comments?post=2638"}],"version-history":[{"count":0,"href":"https:\/\/acrj.org.br\/index.php\/wp-json\/wp\/v2\/posts\/2638\/revisions"}],"wp:featuredmedia":[{"embeddable":true,"href":"https:\/\/acrj.org.br\/index.php\/wp-json\/wp\/v2\/media\/2639"}],"wp:attachment":[{"href":"https:\/\/acrj.org.br\/index.php\/wp-json\/wp\/v2\/media?parent=2638"}],"wp:term":[{"taxonomy":"category","embeddable":true,"href":"https:\/\/acrj.org.br\/index.php\/wp-json\/wp\/v2\/categories?post=2638"},{"taxonomy":"post_tag","embeddable":true,"href":"https:\/\/acrj.org.br\/index.php\/wp-json\/wp\/v2\/tags?post=2638"}],"curies":[{"name":"wp","href":"https:\/\/api.w.org\/{rel}","templated":true}]}}