{"id":26374,"date":"2024-05-21T17:34:07","date_gmt":"2024-05-21T20:34:07","guid":{"rendered":"https:\/\/acrj.org.br\/?p=26374"},"modified":"2024-05-29T12:20:39","modified_gmt":"2024-05-29T15:20:39","slug":"lancamento-do-relatorio-da-conferencia-de-ciencia-tecnologia-e-inovacao-do-rio-de-janeiro","status":"publish","type":"post","link":"https:\/\/acrj.org.br\/index.php\/2024\/05\/21\/lancamento-do-relatorio-da-conferencia-de-ciencia-tecnologia-e-inovacao-do-rio-de-janeiro\/","title":{"rendered":"Lan\u00e7amento do Relat\u00f3rio da Confer\u00eancia de Ci\u00eancia, Tecnologia e Inova\u00e7\u00e3o do Rio de Janeiro"},"content":{"rendered":"\n<p>No dia 27 de maio, a Casa Firjan promove o evento de lan\u00e7amento do Relat\u00f3rio da <a href=\"https:\/\/conferenciacti.rio.br\/\">Confer\u00eancia de Ci\u00eancia, Tecnologia e Inova\u00e7\u00e3o do Rio de Janeiro<\/a>, encontro que reunir\u00e1 uma rede diversificada de especialistas, empres\u00e1rios, autoridades governamentais e interessados na vanguarda da pesquisa e inova\u00e7\u00e3o para discutir o futuro cient\u00edfico e tecnol\u00f3gico do estado.&nbsp;<\/p>\n\n\n\n<p>Com uma programa\u00e7\u00e3o que inclui a apresenta\u00e7\u00e3o do documento e rodadas de debates, o objetivo \u00e9 estimular colabora\u00e7\u00f5es para a\u00e7\u00f5es concretas em prol do avan\u00e7o cient\u00edfico e tecnol\u00f3gico, al\u00e9m de encaminhar pautas para a V Confer\u00eancia Nacional de CT&amp;I, que acontecer\u00e1 entre os dias 4 e 6 de junho em Bras\u00edlia.<\/p>\n\n\n\n<p>O Relat\u00f3rio \u00e9 o resultado das discuss\u00f5es e propostas geradas durante a Confer\u00eancia de CT&amp;I, realizada na Universidade Federal Fluminense, em fevereiro deste ano. Ao longo de dois dias, membros da comunidade acad\u00eamica e l\u00edderes pensaram juntos em solu\u00e7\u00f5es acerca de oito eixos tem\u00e1ticos &#8211; Inova\u00e7\u00e3o pelo Oceano, Tecnologias de Baixo Carbono e Transi\u00e7\u00e3o Energ\u00e9tica, Comunica\u00e7\u00e3o, Viol\u00eancia, Cidade\/Metr\u00f3pole, Ci\u00eancia B\u00e1sica, Complexo Econ\u00f4mico Industrial de Sa\u00fade e Divulga\u00e7\u00e3o Cient\u00edfica &#8211; buscando direcionar pol\u00edticas p\u00fablicas que atendam \u00e0s necessidades sociais, ambientais e econ\u00f4micas do Rio.<\/p>\n\n\n\n<p>Organizado em parceria com a Federa\u00e7\u00e3o das Ind\u00fastrias do Rio de Janeiro (Firjan), Universidade Federal Fluminense (UFF), Funda\u00e7\u00e3o Oswaldo Cruz (Fiocruz), Sociedade Brasileira pelo Progresso da Ci\u00eancia (SBPC), Associa\u00e7\u00e3o Comercial do Rio de Janeiro (ACRJ), Centro Brasileiro de Pesquisas F\u00edsicas (CBPF), Museu de Astronomia e Ci\u00eancias Afins (MAST), Financiadora de Estudos e Projetos (Finep) e representantes de universidades localizadas no Estado do Rio de Janeiro, o evento busca fortalecer a interlocu\u00e7\u00e3o entre os diversos setores da sociedade, impulsionando o desenvolvimento cient\u00edfico, tecnol\u00f3gico e inovador.<\/p>\n\n\n\n<p>Com <strong>entrada gratuita<\/strong> e aberto ao p\u00fablico, o lan\u00e7amento do Relat\u00f3rio da Confer\u00eancia de CT&amp;I do Rio de Janeiro, na Casa Firjan, \u00e9 uma importante etapa para a constru\u00e7\u00e3o de um futuro mais justo, sustent\u00e1vel e desenvolvido para estado. Interessados em participar no evento podem se inscrever no link bit.ly\/3UWoCfS.<strong>&nbsp;<\/strong><\/p>\n\n\n\n<p><strong>Programa\u00e7\u00e3o:<\/strong><\/p>\n\n\n\n<p>17h00 \u2013 Recep\u00e7\u00e3o e Credenciamento + Welcome coffee<br>17h30 \u2013 Abertura com a Comiss\u00e3o e Autoridades presentes<br>18h00 \u2013 Apresenta\u00e7\u00e3o do Relat\u00f3rio final da Confer\u00eancia<br>19h00 \u2013 Contribui\u00e7\u00f5es e Discuss\u00f5es<\/p>\n\n\n\n<p><strong>Servi\u00e7o:<\/strong><\/p>\n\n\n\n<p> Lan\u00e7amento do<strong> <\/strong>Relat\u00f3rio da CT&amp;I no Rio de Janeiro<br><strong>Dia<\/strong> 27\/05, \u00e0s 17h<br><strong>Local <\/strong>Casa Firjan \u2013 Rua Guilhermina Guinle, 211, Botafogo<br> <\/p>\n\n\n\n<p>Evento gratuito <br><strong>Inscri\u00e7\u00f5es pelo link: bit.ly\/3UWoCfS<\/strong><\/p>\n\n\n\n<p>Para mais informa\u00e7\u00f5es, entre em contato:&nbsp;&nbsp;<\/p>\n\n\n\n<p>Thaiane Oliveira (UFF) ou Claudia Vanise (CBPF)<\/p>\n\n\n\n<p>E-mail: imprensa@id.uff.br<\/p>\n\n\n\n<p>Telefone: 21994419585 (Thaiane) ou claudia@cbpf.br<\/p>\n","protected":false},"excerpt":{"rendered":"<p>No dia 27 de maio, a Casa Firjan promove o evento de lan\u00e7amento do Relat\u00f3rio da Confer\u00eancia de Ci\u00eancia, Tecnologia e Inova\u00e7\u00e3o do Rio de&hellip;<\/p>\n","protected":false},"author":3,"featured_media":26375,"comment_status":"closed","ping_status":"closed","sticky":false,"template":"","format":"standard","meta":{"_exactmetrics_skip_tracking":false,"_exactmetrics_sitenote_active":false,"_exactmetrics_sitenote_note":"","_exactmetrics_sitenote_category":0,"footnotes":""},"categories":[6],"tags":[],"class_list":["post-26374","post","type-post","status-publish","format-standard","has-post-thumbnail","hentry","category-destaque_noticias"],"_links":{"self":[{"href":"https:\/\/acrj.org.br\/index.php\/wp-json\/wp\/v2\/posts\/26374","targetHints":{"allow":["GET"]}}],"collection":[{"href":"https:\/\/acrj.org.br\/index.php\/wp-json\/wp\/v2\/posts"}],"about":[{"href":"https:\/\/acrj.org.br\/index.php\/wp-json\/wp\/v2\/types\/post"}],"author":[{"embeddable":true,"href":"https:\/\/acrj.org.br\/index.php\/wp-json\/wp\/v2\/users\/3"}],"replies":[{"embeddable":true,"href":"https:\/\/acrj.org.br\/index.php\/wp-json\/wp\/v2\/comments?post=26374"}],"version-history":[{"count":0,"href":"https:\/\/acrj.org.br\/index.php\/wp-json\/wp\/v2\/posts\/26374\/revisions"}],"wp:featuredmedia":[{"embeddable":true,"href":"https:\/\/acrj.org.br\/index.php\/wp-json\/wp\/v2\/media\/26375"}],"wp:attachment":[{"href":"https:\/\/acrj.org.br\/index.php\/wp-json\/wp\/v2\/media?parent=26374"}],"wp:term":[{"taxonomy":"category","embeddable":true,"href":"https:\/\/acrj.org.br\/index.php\/wp-json\/wp\/v2\/categories?post=26374"},{"taxonomy":"post_tag","embeddable":true,"href":"https:\/\/acrj.org.br\/index.php\/wp-json\/wp\/v2\/tags?post=26374"}],"curies":[{"name":"wp","href":"https:\/\/api.w.org\/{rel}","templated":true}]}}