{"id":26366,"date":"2024-05-21T16:16:35","date_gmt":"2024-05-21T19:16:35","guid":{"rendered":"https:\/\/acrj.org.br\/?p=26366"},"modified":"2024-05-29T12:20:47","modified_gmt":"2024-05-29T15:20:47","slug":"consul-do-peru-no-rio-e-recebido-na-acrj-para-o-encontro-cafe-com-consul","status":"publish","type":"post","link":"https:\/\/acrj.org.br\/index.php\/2024\/05\/21\/consul-do-peru-no-rio-e-recebido-na-acrj-para-o-encontro-cafe-com-consul\/","title":{"rendered":"C\u00f4nsul do Peru no Rio \u00e9 recebido na ACRJ para o encontro \u201cCaf\u00e9 com C\u00f4nsul\u201d"},"content":{"rendered":"\n<p>O c\u00f4nsul geral do Peru do Rio de Janeiro, Carlos Enrique Garcia Castillo, participou da primeira edi\u00e7\u00e3o do \u201cCaf\u00e9 com C\u00f4nsul\u201d, iniciativa da ACRJ atrav\u00e9s de seu Conselho Empresarial de Rela\u00e7\u00f5es Internacionais e Com\u00e9rcio Exterior. Este foi o primeiro de uma s\u00e9rie de encontros que receber\u00e1 sempre um c\u00f4nsul convidado, ou representantes dos Consulados com sede na cidade, para uma troca de informa\u00e7\u00f5es sobre oportunidades de neg\u00f3cios no pa\u00eds.O evento contou com a presen\u00e7a do vice-c\u00f4nsul, Esteban Pacheco; do presidente do Conselho Superior, Ruy Barreto Filho; do vice-presidente Jur\u00eddico, Laudelino da Costa Mendes Neto; de conselheiros e diretores da Casa de Mau\u00e1. O encontro foi coordenado pela presidente do Conselho, Michelle Fernandes, e o vice, Israel Contage.<\/p>\n\n\n\n<p>Em sua apresenta\u00e7\u00e3o, o c\u00f4nsul fez um relato sobre as possibilidades de investimentos entre Brasil e Peru, mostrando as potencialidades do pa\u00eds vizinho. Ele destacou, especialmente, os setores de minera\u00e7\u00e3o \u2013 que representa 15% do PIB nacional -, turismo \u2013 importante gerador de renda e empregos do pa\u00eds &#8211; e de agroexporta\u00e7\u00e3o \u2013 o 2\u00ba mais importante depois da minera\u00e7\u00e3o e o maior em gera\u00e7\u00e3o de empregos, com cerca de tr\u00eas milh\u00f5es de empregos diretos. Ele ressaltou ainda que o pa\u00eds oferece muitas oportunidades de neg\u00f3cios para os estrangeiros, com a garantia de \u201cestabilidade jur\u00eddica, ambiente macroecon\u00f4mico favor\u00e1vel, m\u00e3o-de-obra qualificada e boa localiza\u00e7\u00e3o geogr\u00e1fica, no centro da Am\u00e9rica do Sul\u201d.<\/p>\n\n\n\n<p>Respondendo \u00e0 pergunta do presidente Ruy Barreto Filho sobre a produ\u00e7\u00e3o de caf\u00e9, Castillo afirmou que o produto \u00e9 muito importante para o pa\u00eds. \u201c\u00c9 um produto gourmet, com um nicho de mercado de alta qualidade, especialmente voltado para mercado internacional, mas que atende tamb\u00e9m ao consumo interno\u201d, explicou. Informou que atualmente est\u00e1 em vigor um acordo de coopera\u00e7\u00e3o de livre com\u00e9rcio entre Brasil e Peru para comercializa\u00e7\u00e3o do produto.<\/p>\n\n\n\n<p>Carlos Castillo mencionou tamb\u00e9m a constru\u00e7\u00e3o do porto de Chancay, com investimento inicial de US$ 1,3 milh\u00f5es, localizado a 60 km ao norte de Lima. O porto dever\u00e1 entrar em opera\u00e7\u00e3o ainda este ano e poder\u00e1, de acordo com ele, ser uma porta de entrada do Brasil para a \u00c1sia pelo Pac\u00edfico. \u201cEste ser\u00e1 o maior porto do Pac\u00edfico Sul que ter\u00e1 tecnologia de ponta e toda a infraestrutura para receber grandes embarca\u00e7\u00f5es. \u00c9 uma oportunidade para o Brasil exportar para pa\u00edses asi\u00e1ticos com redu\u00e7\u00e3o de custos e de tempo\u201d, disse. O c\u00f4nsul afirmou que o Brasil tem uma imagem muito positiva em seu pa\u00eds, associado sempre \u00e0s belezas naturais, gastronomia e turismo e tamb\u00e9m com a possibilidade de neg\u00f3cios. Segundo ele, somente no Rio de Janeiro, s\u00e3o 16 restaurantes peruanos em funcionamento. Hoje, 4.500 cidad\u00e3os do Peru moram na cidade. Ele aproveitou a oportunidade para convidar os presentes para o festival gastron\u00f4mico que acontecer\u00e1 no Museu da Rep\u00fablica, no Catete, dias 27 e 28 de julho, para marcar o Dia Nacional do Peru. O evento tem entrada franca e os visitantes poder\u00e3o desfrutar da culin\u00e1ria peruana e adquirir produtos locais.<\/p>\n\n\n\n<figure class=\"wp-block-image size-full is-resized\"><img fetchpriority=\"high\" decoding=\"async\" width=\"654\" height=\"467\" src=\"https:\/\/acrj.org.br\/wp-content\/uploads\/2024\/05\/Screenshot_20240521-160757-579.png\" alt=\"\" class=\"wp-image-26368\" style=\"width:400px\" srcset=\"https:\/\/acrj.org.br\/wp-content\/uploads\/2024\/05\/Screenshot_20240521-160757-579.png 654w, https:\/\/acrj.org.br\/wp-content\/uploads\/2024\/05\/Screenshot_20240521-160757-579-300x214.png 300w, https:\/\/acrj.org.br\/wp-content\/uploads\/2024\/05\/Screenshot_20240521-160757-579-600x428.png 600w\" sizes=\"(max-width: 654px) 100vw, 654px\" \/><figcaption class=\"wp-element-caption\">Laudelino Costa, Carlos Castillo, Michelle Fernandes, Ruy Barreto Filho, Israel Contage e Esteban Pacheco (Foto: Kaique Galiza)<\/figcaption><\/figure>\n\n\n\n<figure class=\"wp-block-image size-large is-resized\"><img decoding=\"async\" width=\"1024\" height=\"599\" src=\"https:\/\/acrj.org.br\/wp-content\/uploads\/2024\/05\/insta-1024x599.jpg\" alt=\"\" class=\"wp-image-26385\" style=\"width:400px\" srcset=\"https:\/\/acrj.org.br\/wp-content\/uploads\/2024\/05\/insta-1024x599.jpg 1024w, https:\/\/acrj.org.br\/wp-content\/uploads\/2024\/05\/insta-300x175.jpg 300w, https:\/\/acrj.org.br\/wp-content\/uploads\/2024\/05\/insta-768x449.jpg 768w, https:\/\/acrj.org.br\/wp-content\/uploads\/2024\/05\/insta-1536x898.jpg 1536w, https:\/\/acrj.org.br\/wp-content\/uploads\/2024\/05\/insta-2048x1198.jpg 2048w, https:\/\/acrj.org.br\/wp-content\/uploads\/2024\/05\/insta-600x351.jpg 600w\" sizes=\"(max-width: 1024px) 100vw, 1024px\" \/><\/figure>\n\n\n\n<figure class=\"wp-block-image size-large is-resized\"><img decoding=\"async\" width=\"1024\" height=\"461\" src=\"https:\/\/acrj.org.br\/wp-content\/uploads\/2024\/05\/IMG-20240521-WA0043-1024x461.jpg\" alt=\"\" class=\"wp-image-26369\" style=\"width:400px\" srcset=\"https:\/\/acrj.org.br\/wp-content\/uploads\/2024\/05\/IMG-20240521-WA0043-1024x461.jpg 1024w, https:\/\/acrj.org.br\/wp-content\/uploads\/2024\/05\/IMG-20240521-WA0043-300x135.jpg 300w, https:\/\/acrj.org.br\/wp-content\/uploads\/2024\/05\/IMG-20240521-WA0043-768x346.jpg 768w, https:\/\/acrj.org.br\/wp-content\/uploads\/2024\/05\/IMG-20240521-WA0043-1536x691.jpg 1536w, https:\/\/acrj.org.br\/wp-content\/uploads\/2024\/05\/IMG-20240521-WA0043-600x270.jpg 600w, https:\/\/acrj.org.br\/wp-content\/uploads\/2024\/05\/IMG-20240521-WA0043.jpg 1600w\" sizes=\"(max-width: 1024px) 100vw, 1024px\" \/><\/figure>\n\n\n\n<p><\/p>\n\n\n\n<p><\/p>\n","protected":false},"excerpt":{"rendered":"<p>O c\u00f4nsul geral do Peru do Rio de Janeiro, Carlos Enrique Garcia Castillo, participou da primeira edi\u00e7\u00e3o do \u201cCaf\u00e9 com C\u00f4nsul\u201d, iniciativa da ACRJ atrav\u00e9s&hellip;<\/p>\n","protected":false},"author":3,"featured_media":26367,"comment_status":"closed","ping_status":"closed","sticky":false,"template":"","format":"standard","meta":{"_exactmetrics_skip_tracking":false,"_exactmetrics_sitenote_active":false,"_exactmetrics_sitenote_note":"","_exactmetrics_sitenote_category":0,"footnotes":""},"categories":[56],"tags":[],"class_list":["post-26366","post","type-post","status-publish","format-standard","has-post-thumbnail","hentry","category-destaque_conselhos"],"_links":{"self":[{"href":"https:\/\/acrj.org.br\/index.php\/wp-json\/wp\/v2\/posts\/26366","targetHints":{"allow":["GET"]}}],"collection":[{"href":"https:\/\/acrj.org.br\/index.php\/wp-json\/wp\/v2\/posts"}],"about":[{"href":"https:\/\/acrj.org.br\/index.php\/wp-json\/wp\/v2\/types\/post"}],"author":[{"embeddable":true,"href":"https:\/\/acrj.org.br\/index.php\/wp-json\/wp\/v2\/users\/3"}],"replies":[{"embeddable":true,"href":"https:\/\/acrj.org.br\/index.php\/wp-json\/wp\/v2\/comments?post=26366"}],"version-history":[{"count":0,"href":"https:\/\/acrj.org.br\/index.php\/wp-json\/wp\/v2\/posts\/26366\/revisions"}],"wp:featuredmedia":[{"embeddable":true,"href":"https:\/\/acrj.org.br\/index.php\/wp-json\/wp\/v2\/media\/26367"}],"wp:attachment":[{"href":"https:\/\/acrj.org.br\/index.php\/wp-json\/wp\/v2\/media?parent=26366"}],"wp:term":[{"taxonomy":"category","embeddable":true,"href":"https:\/\/acrj.org.br\/index.php\/wp-json\/wp\/v2\/categories?post=26366"},{"taxonomy":"post_tag","embeddable":true,"href":"https:\/\/acrj.org.br\/index.php\/wp-json\/wp\/v2\/tags?post=26366"}],"curies":[{"name":"wp","href":"https:\/\/api.w.org\/{rel}","templated":true}]}}