{"id":26361,"date":"2024-05-21T12:46:10","date_gmt":"2024-05-21T15:46:10","guid":{"rendered":"https:\/\/acrj.org.br\/?p=26361"},"modified":"2024-05-29T12:20:54","modified_gmt":"2024-05-29T15:20:54","slug":"gerente-do-comite-brasileiro-de-clubes-participa-da-reuniao-do-conselho-de-esportes","status":"publish","type":"post","link":"https:\/\/acrj.org.br\/index.php\/2024\/05\/21\/gerente-do-comite-brasileiro-de-clubes-participa-da-reuniao-do-conselho-de-esportes\/","title":{"rendered":"Gerente do Comit\u00ea Brasileiro de Clubes participa da reuni\u00e3o do Conselho de Esportes"},"content":{"rendered":"\n<p>O Conselho Empresarial de Esporte, Lazer e Desenvolvimento Social da ACRJ recebeu, dia 7 de maio, o gerente de Esportes e Rela\u00e7\u00f5es Institucionais do Comit\u00ea Brasileiro de Clubes (CBC), Emerson Appel, que fez a palestra \u201cClubes do Rio: Forma\u00e7\u00e3o de Atletas e Pautas Legislativas\u201d. O CBC, que conta com a participa\u00e7\u00e3o de 1.056 clubes de todas as regi\u00f5es do Brasil, faz parte do Conselho Nacional do Esporte &#8211; CNE, \u00f3rg\u00e3o consultivo ligado diretamente ao Ministro de Estado do Esporte, desde 2005.<\/p>\n\n\n\n<p>Hoje, o CBC atua, juntamente com os Clubes, na implementa\u00e7\u00e3o de uma s\u00f3lida Pol\u00edtica de Forma\u00e7\u00e3o de Atletas. O Comit\u00ea tornou-se refer\u00eancia nacional de excel\u00eancia esportiva, consolidando-se como a entidade central dos Clubes que formam atletas no Brasil.<\/p>\n\n\n\n<p>Em sua apresenta\u00e7\u00e3o ele mostrou o programa de forma\u00e7\u00e3o de atletas do Comit\u00ea, que oferece participa\u00e7\u00e3o em cursos, oficinas e semin\u00e1rios, recursos para aquisi\u00e7\u00e3o de materiais esportivos e equipamentos, entre outros benef\u00edcios.<br>Appel tamb\u00e9m mostrou os resultados das performances dos atletas de Clubes nas Ol\u00edmpiadas de 2020 e nos Jogos Pan-Americanos de 2023 e os n\u00fameros para os Jogos de Paris 2024. Segundo ele, de 218 vagas conquistadas pelo Brasil, cerca de 190 s\u00e3o atletas de Clubes, ou seja, aproximadamente 89% da delega\u00e7\u00e3o brasileira em Paris ser\u00e1 composta por atletas de Clubes.<\/p>\n\n\n\n<p><\/p>\n","protected":false},"excerpt":{"rendered":"<p>O Conselho Empresarial de Esporte, Lazer e Desenvolvimento Social da ACRJ recebeu, dia 7 de maio, o gerente de Esportes e Rela\u00e7\u00f5es Institucionais do Comit\u00ea&hellip;<\/p>\n","protected":false},"author":3,"featured_media":26363,"comment_status":"closed","ping_status":"closed","sticky":false,"template":"","format":"standard","meta":{"_exactmetrics_skip_tracking":false,"_exactmetrics_sitenote_active":false,"_exactmetrics_sitenote_note":"","_exactmetrics_sitenote_category":0,"footnotes":""},"categories":[56],"tags":[],"class_list":["post-26361","post","type-post","status-publish","format-standard","has-post-thumbnail","hentry","category-destaque_conselhos"],"_links":{"self":[{"href":"https:\/\/acrj.org.br\/index.php\/wp-json\/wp\/v2\/posts\/26361","targetHints":{"allow":["GET"]}}],"collection":[{"href":"https:\/\/acrj.org.br\/index.php\/wp-json\/wp\/v2\/posts"}],"about":[{"href":"https:\/\/acrj.org.br\/index.php\/wp-json\/wp\/v2\/types\/post"}],"author":[{"embeddable":true,"href":"https:\/\/acrj.org.br\/index.php\/wp-json\/wp\/v2\/users\/3"}],"replies":[{"embeddable":true,"href":"https:\/\/acrj.org.br\/index.php\/wp-json\/wp\/v2\/comments?post=26361"}],"version-history":[{"count":0,"href":"https:\/\/acrj.org.br\/index.php\/wp-json\/wp\/v2\/posts\/26361\/revisions"}],"wp:featuredmedia":[{"embeddable":true,"href":"https:\/\/acrj.org.br\/index.php\/wp-json\/wp\/v2\/media\/26363"}],"wp:attachment":[{"href":"https:\/\/acrj.org.br\/index.php\/wp-json\/wp\/v2\/media?parent=26361"}],"wp:term":[{"taxonomy":"category","embeddable":true,"href":"https:\/\/acrj.org.br\/index.php\/wp-json\/wp\/v2\/categories?post=26361"},{"taxonomy":"post_tag","embeddable":true,"href":"https:\/\/acrj.org.br\/index.php\/wp-json\/wp\/v2\/tags?post=26361"}],"curies":[{"name":"wp","href":"https:\/\/api.w.org\/{rel}","templated":true}]}}