{"id":26356,"date":"2024-05-21T11:59:55","date_gmt":"2024-05-21T14:59:55","guid":{"rendered":"https:\/\/acrj.org.br\/?p=26356"},"modified":"2024-11-12T15:38:03","modified_gmt":"2024-11-12T18:38:03","slug":"primeiro-presidente-do-conselho-de-jovens-da-acrj-fala-sobre-a-importancia-do-associativismo","status":"publish","type":"post","link":"https:\/\/acrj.org.br\/index.php\/2024\/05\/21\/primeiro-presidente-do-conselho-de-jovens-da-acrj-fala-sobre-a-importancia-do-associativismo\/","title":{"rendered":"Primeiro presidente do Conselho de Jovens da ACRJ fala sobre a import\u00e2ncia do associativismo"},"content":{"rendered":"\n<p>O empres\u00e1rio Sandro Schuback, o primeiro presidente do Conselho Empresarial de Jovens, criado h\u00e1 27 anos, \u00e9 o convidado da reuni\u00e3o do Conselho, dia 23 de maio. Ele vai falar sobre a import\u00e2ncia do associativismo e como ele influenciou em sua trajet\u00f3ria. Hoje, Schuback \u00e9 s\u00f3cio diretor na Essen Energia Solar e organizador da feira de arquitetura e decora\u00e7\u00e3o Morar Mais.<\/p>\n\n\n\n<p>O evento \u00e9 gratuito, mediante inscri\u00e7\u00e3o pr\u00e9via.<\/p>\n\n\n\n<p><strong><a href=\"https:\/\/forms.gle\/oMu722fbdorV9GoQ7\">Acesse aqui&nbsp;<\/a><\/strong>para se inscrever<\/p>\n\n\n\n<p><strong>SERVI\u00c7O<\/strong><\/p>\n\n\n\n<p>&#x1f4cc; Data: 23\/5\/2024<\/p>\n\n\n\n<p>&#x1f552; Hor\u00e1rio: 15 horas<\/p>\n\n\n\n<p>&#x1f3e2; Local: Sede da Associa\u00e7\u00e3o Comercial do RJ &#8211; ACRJ &#8211; Rua Candel\u00e1ria, 9\/12\u00ba andar &#8211; Centro &#8211; RJ<\/p>\n\n\n\n<p>&#x260e; Informa\u00e7\u00f5es: 2514-1203<\/p>\n","protected":false},"excerpt":{"rendered":"<p>O empres\u00e1rio Sandro Schuback, o primeiro presidente do Conselho Empresarial de Jovens, criado h\u00e1 27 anos, \u00e9 o convidado da reuni\u00e3o do Conselho, dia 23&hellip;<\/p>\n","protected":false},"author":3,"featured_media":26357,"comment_status":"closed","ping_status":"closed","sticky":false,"template":"","format":"standard","meta":{"_exactmetrics_skip_tracking":false,"_exactmetrics_sitenote_active":false,"_exactmetrics_sitenote_note":"","_exactmetrics_sitenote_category":0,"footnotes":""},"categories":[55,83],"tags":[],"class_list":["post-26356","post","type-post","status-publish","format-standard","has-post-thumbnail","hentry","category-destaque_eventos","category-eventos_acrj"],"_links":{"self":[{"href":"https:\/\/acrj.org.br\/index.php\/wp-json\/wp\/v2\/posts\/26356","targetHints":{"allow":["GET"]}}],"collection":[{"href":"https:\/\/acrj.org.br\/index.php\/wp-json\/wp\/v2\/posts"}],"about":[{"href":"https:\/\/acrj.org.br\/index.php\/wp-json\/wp\/v2\/types\/post"}],"author":[{"embeddable":true,"href":"https:\/\/acrj.org.br\/index.php\/wp-json\/wp\/v2\/users\/3"}],"replies":[{"embeddable":true,"href":"https:\/\/acrj.org.br\/index.php\/wp-json\/wp\/v2\/comments?post=26356"}],"version-history":[{"count":0,"href":"https:\/\/acrj.org.br\/index.php\/wp-json\/wp\/v2\/posts\/26356\/revisions"}],"wp:featuredmedia":[{"embeddable":true,"href":"https:\/\/acrj.org.br\/index.php\/wp-json\/wp\/v2\/media\/26357"}],"wp:attachment":[{"href":"https:\/\/acrj.org.br\/index.php\/wp-json\/wp\/v2\/media?parent=26356"}],"wp:term":[{"taxonomy":"category","embeddable":true,"href":"https:\/\/acrj.org.br\/index.php\/wp-json\/wp\/v2\/categories?post=26356"},{"taxonomy":"post_tag","embeddable":true,"href":"https:\/\/acrj.org.br\/index.php\/wp-json\/wp\/v2\/tags?post=26356"}],"curies":[{"name":"wp","href":"https:\/\/api.w.org\/{rel}","templated":true}]}}