{"id":2623,"date":"2018-10-02T22:08:00","date_gmt":"2018-10-03T01:08:00","guid":{"rendered":"http:\/\/acrj2020.profissional.ws\/?p=2623"},"modified":"2020-02-29T22:09:46","modified_gmt":"2020-03-01T01:09:46","slug":"deputados-do-rio-votam-hoje-autorizacao-para-a-concessao-de-incentivos-fiscais","status":"publish","type":"post","link":"https:\/\/acrj.org.br\/index.php\/2018\/10\/02\/deputados-do-rio-votam-hoje-autorizacao-para-a-concessao-de-incentivos-fiscais\/","title":{"rendered":"Deputados do Rio votam hoje autoriza\u00e7\u00e3o para a concess\u00e3o de incentivos fiscais"},"content":{"rendered":"\n<p>Os incentivos fiscais est\u00e3o novamente na pauta da ALERJ. Hoje, 2\/10, \u00e0s 15 h ser\u00e1 votado o Projeto de Lei n\u00ba 4.358 de 2018, para permitir que o Estado do Rio de Janeiro possa dar incentivos fiscais aprovados no \u00e2mbito do CONFAZ \u2013 Conselho Nacional de Pol\u00edtica Fazend\u00e1ria, integrado pelos secret\u00e1rios de fazenda de todos os Estados e do Distrito Federal, isto porque h\u00e1 uma lei estadual que veda.<\/p>\n\n\n\n<p>Em 5 de dezembro de 2016, em meio a grave crise e um caixa estourado em bilh\u00f5es, o Governo do Estado do Rio de Janeiro, para tentar o acordo com a Uni\u00e3o visando a recupera\u00e7\u00e3o fiscal do Estado, aprovou, na ALERJ, uma lei para impedi-lo de conceder novos incentivos fiscais, financiamentos, fomentos econ\u00f4micos ou investimentos estruturantes \u00e0s empresas sediadas ou que viessem a se instalar no estado, isso durante o prazo de frui\u00e7\u00e3o do Regime de Recupera\u00e7\u00e3o Fiscal, que \u00e9 de 3 anos, prorrog\u00e1veis por mais 3, a contar do aceite em 2017. Essa lei de veda\u00e7\u00e3o de incentivos trouxe in\u00fameras exce\u00e7\u00f5es, mas a mais importante que era a possibilidade de convalidar incentivos no CONFAZ n\u00e3o constava.<\/p>\n\n\n\n<p>\u00c9 claro que os incentivos fiscais dados com base em aprova\u00e7\u00e3o pr\u00e9via do CONFAZ deveriam ter sido excetuados e at\u00e9 estariam em uma interpreta\u00e7\u00e3o de todas as normas aplic\u00e1veis, mas como houve a veda\u00e7\u00e3o expressa entendem os deputados que \u00e9 melhor explicitar o direito, at\u00e9 porque o Governador j\u00e1 publicou o Decreto ratificando os incentivos que poderiam ser contestados na justi\u00e7a.<\/p>\n\n\n\n<p>Esta mat\u00e9ria de incentivos fiscais, que j\u00e1 era bem confusa, ganhou mais cap\u00edtulos, dificultando a compreens\u00e3o at\u00e9 dos especialistas na mat\u00e9ria, mas espera-se que com a homologa\u00e7\u00e3o de todas as normas no CONFAZ, a situa\u00e7\u00e3o da Guerra Fiscal seja apaziguada.<\/p>\n\n\n\n<p class=\"has-text-align-right has-medium-font-size\"> <strong>Cheryl Berno<\/strong><\/p>\n\n\n\n<p>Sobre os incentivos convalidados leia mais em:<\/p>\n\n\n\n<figure class=\"wp-block-embed-wordpress wp-block-embed is-type-wp-embed is-provider-srzd\"><div class=\"wp-block-embed__wrapper\">\n<blockquote class=\"wp-embedded-content\" data-secret=\"yiJEA0LD5w\"><a href=\"https:\/\/www.srzd.com\/brasil\/governo-do-estado-do-rio-de-janeiro-publica-a-lista-de-incentivos-fiscais-mantidos\/\">Governo do Estado do Rio de Janeiro publica nova lista de incentivos fiscais mantidos<\/a><\/blockquote><iframe title=\"&#8220;Governo do Estado do Rio de Janeiro publica nova lista de incentivos fiscais mantidos&#8221; &#8212; SRzd\" class=\"wp-embedded-content\" sandbox=\"allow-scripts\" security=\"restricted\" style=\"position: absolute; clip: rect(1px, 1px, 1px, 1px);\" src=\"https:\/\/www.srzd.com\/brasil\/governo-do-estado-do-rio-de-janeiro-publica-a-lista-de-incentivos-fiscais-mantidos\/embed\/#?secret=yiJEA0LD5w\" data-secret=\"yiJEA0LD5w\" width=\"600\" height=\"338\" frameborder=\"0\" marginwidth=\"0\" marginheight=\"0\" scrolling=\"no\"><\/iframe>\n<\/div><\/figure>\n\n\n\n<p>Projeto de Lei n\u00ba 4.358 de 2018, permite a concess\u00e3o de incentivos fiscais do CONFAZ:<\/p>\n\n\n\n<p><a href=\"http:\/\/alerjln1.alerj.rj.gov.br\/scpro1519.nsf\/0c5bf5cde95601f903256caa0023131b\/d522ea6c3d79d7a7832582f900599e16?OpenDocument&amp;Highlight=0,4358\">http:\/\/alerjln1.alerj.rj.gov.br\/scpro1519.nsf\/0c5bf5cde95601f903256caa0023131b\/d522ea6c3d79d7a7832582f900599e16?OpenDocument&amp;Highlight=0,4358<\/a><\/p>\n\n\n\n<p>Lei n\u00ba 7.495 que veda incentivos:<\/p>\n\n\n\n<p><a href=\"http:\/\/alerjln1.alerj.rj.gov.br\/CONTLEI.NSF\/b24a2da5a077847c032564f4005d4bf2\/1f460ed89710ac538325808200549988?OpenDocument\">http:\/\/alerjln1.alerj.rj.gov.br\/CONTLEI.NSF\/b24a2da5a077847c032564f4005d4bf2\/1f460ed89710ac538325808200549988?OpenDocument<\/a><\/p>\n\n\n\n<p>Veja mais sobre a Recupera\u00e7\u00e3o Fiscal do Estado do Rio de Janeiro:<\/p>\n\n\n\n<p><a href=\"http:\/\/www.transparencia.rj.gov.br\/transparencia\/faces\/oracle\/webcenter\/portalapp\/pages\/navigation-renderer.jspx?_afrLoop=12598534038728425&amp;datasource=UCMServer%23dDocName%3AWCC200135&amp;_adf.ctrl-state=c7tkh48zm_9\">http:\/\/www.transparencia.rj.gov.br\/transparencia\/faces\/oracle\/webcenter\/portalapp\/pages\/navigation-renderer.jspx?_afrLoop=12598534038728425&amp;datasource=UCMServer%23dDocName%3AWCC200135&amp;_adf.ctrl-state=c7tkh48zm_9<\/a><\/p>\n\n\n\n<p>Lei Complementar n\u00ba 160, que permite a convalida\u00e7\u00e3o dos incentivos no CONFAZ:<\/p>\n\n\n\n<p><a href=\"http:\/\/www.planalto.gov.br\/ccivil_03\/leis\/lcp\/Lcp160.htm\">http:\/\/www.planalto.gov.br\/ccivil_03\/leis\/lcp\/Lcp160.htm<\/a><\/p>\n\n\n\n<p>Lei Complementar n\u00ba 159\/2017, que trata da recupera\u00e7\u00e3o fiscal dos estados e do DF:<\/p>\n\n\n\n<p><a href=\"http:\/\/www.planalto.gov.br\/ccivil_03\/LEIS\/LCP\/Lcp159.htm\">http:\/\/www.planalto.gov.br\/ccivil_03\/LEIS\/LCP\/Lcp159.htm<\/a><\/p>\n\n\n\n<p>Conv\u00eanio CONFAZ que regulamenta a \u201clegaliza\u00e7\u00e3o\u201d dos incentivos inconstitucionais:<\/p>\n\n\n\n<p><a href=\"https:\/\/www.confaz.fazenda.gov.br\/legislacao\/convenios\/2017\/CV190_17\">https:\/\/www.confaz.fazenda.gov.br\/legislacao\/convenios\/2017\/CV190_17<\/a><\/p>\n","protected":false},"excerpt":{"rendered":"<p>Os incentivos fiscais est\u00e3o novamente na pauta da ALERJ. Hoje, 2\/10, \u00e0s 15 h ser\u00e1 votado o Projeto de Lei n\u00ba 4.358 de 2018, para&hellip;<\/p>\n","protected":false},"author":1,"featured_media":2624,"comment_status":"closed","ping_status":"open","sticky":false,"template":"","format":"standard","meta":{"_exactmetrics_skip_tracking":false,"_exactmetrics_sitenote_active":false,"_exactmetrics_sitenote_note":"","_exactmetrics_sitenote_category":0,"footnotes":""},"categories":[10],"tags":[],"class_list":["post-2623","post","type-post","status-publish","format-standard","has-post-thumbnail","hentry","category-noticias"],"_links":{"self":[{"href":"https:\/\/acrj.org.br\/index.php\/wp-json\/wp\/v2\/posts\/2623","targetHints":{"allow":["GET"]}}],"collection":[{"href":"https:\/\/acrj.org.br\/index.php\/wp-json\/wp\/v2\/posts"}],"about":[{"href":"https:\/\/acrj.org.br\/index.php\/wp-json\/wp\/v2\/types\/post"}],"author":[{"embeddable":true,"href":"https:\/\/acrj.org.br\/index.php\/wp-json\/wp\/v2\/users\/1"}],"replies":[{"embeddable":true,"href":"https:\/\/acrj.org.br\/index.php\/wp-json\/wp\/v2\/comments?post=2623"}],"version-history":[{"count":0,"href":"https:\/\/acrj.org.br\/index.php\/wp-json\/wp\/v2\/posts\/2623\/revisions"}],"wp:featuredmedia":[{"embeddable":true,"href":"https:\/\/acrj.org.br\/index.php\/wp-json\/wp\/v2\/media\/2624"}],"wp:attachment":[{"href":"https:\/\/acrj.org.br\/index.php\/wp-json\/wp\/v2\/media?parent=2623"}],"wp:term":[{"taxonomy":"category","embeddable":true,"href":"https:\/\/acrj.org.br\/index.php\/wp-json\/wp\/v2\/categories?post=2623"},{"taxonomy":"post_tag","embeddable":true,"href":"https:\/\/acrj.org.br\/index.php\/wp-json\/wp\/v2\/tags?post=2623"}],"curies":[{"name":"wp","href":"https:\/\/api.w.org\/{rel}","templated":true}]}}