{"id":26208,"date":"2024-05-15T13:11:05","date_gmt":"2024-05-15T16:11:05","guid":{"rendered":"https:\/\/acrj.org.br\/?p=26208"},"modified":"2024-05-29T12:24:36","modified_gmt":"2024-05-29T15:24:36","slug":"integrantes-do-oxford-group-e-porto-manatee-falam-sobre-oportunidades-de-negocios-nos-eua","status":"publish","type":"post","link":"https:\/\/acrj.org.br\/index.php\/2024\/05\/15\/integrantes-do-oxford-group-e-porto-manatee-falam-sobre-oportunidades-de-negocios-nos-eua\/","title":{"rendered":"Integrantes do Oxford Group e Porto Manatee falam sobre oportunidades nos EUA"},"content":{"rendered":"\n<p>A ACRJ recebeu, dia 14\/5, os integrantes do Oxford Group, centro de apoio ao desenvolvimento e internacionaliza\u00e7\u00e3o de empresas brasileiras no exterior, e do SeaPort Manatee, localizado no leste do Golfo do M\u00e9xico, na entrada de Tampa Bay, estado americano da Fl\u00f3rida. O CEO do Oxford Group, Carlo Barbieri; o diretor executivo do SeaPort Manatee, Carlos Buqueras; e a gerente Internacional da SeaPort Manatee, Roxana Santoyo, falaram sobre as oportunidades de neg\u00f3cios para empres\u00e1rios fluminenses nos Estados Unidos e as facilidades oferecidas pelo Porto aos empreendedores. O evento ainda contou com a presen\u00e7a de Fabio Yamada, representando a Select Fl\u00f3rida, uma empresa que atua junto a l\u00edderes governamentais e parceiros para o desenvolvimento de empresas na Fl\u00f3rida.<\/p>\n\n\n\n<p>Na abertura do encontro, o presidente da ACRJ, Josier Vilar, destacou a import\u00e2ncia de atrair novas empresas para o estado, mas tamb\u00e9m de dar condi\u00e7\u00f5es aos neg\u00f3cios j\u00e1 instalados no Brasil, em especial no Rio de Janeiro, de se internacionalizarem. Para isso, foi assinado um Memorando de Entendimento entre a ACRJ e o Oxford Group, estabelecendo uma coopera\u00e7\u00e3o que vai permitir que as instala\u00e7\u00f5es e toda a infraestrutura do Porto Manatee possa ser utilizada pelas empresas associadas \u00e0 ACRJ. Al\u00e9m disso, para facilitar o atendimento \u00e0s empresas que buscam informa\u00e7\u00f5es sobre como investir em solo americano, o Oxford Group, representando o Porto Manatee, se instalar\u00e1 no edif\u00edcio-sede da ACRJ.<\/p>\n\n\n\n<p>\u201cN\u00e3o existe uma tradi\u00e7\u00e3o de incentivo para que as empresas cariocas e fluminenses se internacionalizem. N\u00f3s estamos incentivando que elas se qualifiquem cada vez mais para participar de um mercado como o americano, que \u00e9 altamente competitivo. As empresas precisam estar preparadas do ponto de vista da gest\u00e3o, de melhoria de processos organizacionais e de governan\u00e7a e de incorpora\u00e7\u00e3o de tecnologia de uma forma adequada para se qualificar e entrar no mercado americano\u201d, ressaltou Josier Vilar.<\/p>\n\n\n\n<p>Carlo Barbieri enumerou as vantagens competitivas do Porto Manatee, que est\u00e1 muito bem localizado do ponto de vista geogr\u00e1fico, e destacou o ambiente de neg\u00f3cios muito prop\u00edcio, cuja C\u00e2mara de Com\u00e9rcio de Manatee se destaca. De acordo com eles, \u00e9 uma C\u00e2mara muito ativa, com cerca de 2.100 empresas que promove um ambiente de oportunidades de networking, marketing e neg\u00f3cios, conectando seus membros com futuros e potenciais investidores.<\/p>\n\n\n\n<p>O encontro na \u00edntegra est\u00e1 dispon\u00edvel o Canal ACRJ Divulga. <strong><a href=\"https:\/\/youtu.be\/SE4R9KUhLrc\">Acesse aqui<\/a><\/strong><\/p>\n\n\n\n<figure class=\"wp-block-image size-large is-resized\"><img fetchpriority=\"high\" decoding=\"async\" width=\"1024\" height=\"1024\" src=\"https:\/\/acrj.org.br\/wp-content\/uploads\/2024\/05\/convenio-1-1024x1024.jpg\" alt=\"\" class=\"wp-image-26210\" style=\"object-fit:cover;width:350px;height:320px\" srcset=\"https:\/\/acrj.org.br\/wp-content\/uploads\/2024\/05\/convenio-1-1024x1024.jpg 1024w, https:\/\/acrj.org.br\/wp-content\/uploads\/2024\/05\/convenio-1-300x300.jpg 300w, https:\/\/acrj.org.br\/wp-content\/uploads\/2024\/05\/convenio-1-150x150.jpg 150w, https:\/\/acrj.org.br\/wp-content\/uploads\/2024\/05\/convenio-1-768x768.jpg 768w, https:\/\/acrj.org.br\/wp-content\/uploads\/2024\/05\/convenio-1-1536x1536.jpg 1536w, https:\/\/acrj.org.br\/wp-content\/uploads\/2024\/05\/convenio-1-2048x2048.jpg 2048w, https:\/\/acrj.org.br\/wp-content\/uploads\/2024\/05\/convenio-1-600x600.jpg 600w, https:\/\/acrj.org.br\/wp-content\/uploads\/2024\/05\/convenio-1-100x100.jpg 100w\" sizes=\"(max-width: 1024px) 100vw, 1024px\" \/><figcaption class=\"wp-element-caption\">Josier Vilar e Carlo Barbieri assinam o Memorando<\/figcaption><\/figure>\n\n\n\n<figure class=\"wp-block-image size-large is-resized\"><img decoding=\"async\" width=\"1024\" height=\"505\" src=\"https:\/\/acrj.org.br\/wp-content\/uploads\/2024\/05\/mesa-1024x505.jpg\" alt=\"\" class=\"wp-image-26211\" style=\"width:350px\" srcset=\"https:\/\/acrj.org.br\/wp-content\/uploads\/2024\/05\/mesa-1024x505.jpg 1024w, https:\/\/acrj.org.br\/wp-content\/uploads\/2024\/05\/mesa-300x148.jpg 300w, https:\/\/acrj.org.br\/wp-content\/uploads\/2024\/05\/mesa-768x379.jpg 768w, https:\/\/acrj.org.br\/wp-content\/uploads\/2024\/05\/mesa-1536x758.jpg 1536w, https:\/\/acrj.org.br\/wp-content\/uploads\/2024\/05\/mesa-600x296.jpg 600w, https:\/\/acrj.org.br\/wp-content\/uploads\/2024\/05\/mesa.jpg 2000w\" sizes=\"(max-width: 1024px) 100vw, 1024px\" \/><figcaption class=\"wp-element-caption\">Mesa principal do encontro<\/figcaption><\/figure>\n\n\n\n<figure class=\"wp-block-image size-large is-resized\"><img decoding=\"async\" width=\"1024\" height=\"531\" src=\"https:\/\/acrj.org.br\/wp-content\/uploads\/2024\/05\/publico-1024x531.jpg\" alt=\"\" class=\"wp-image-26212\" style=\"width:350px\" srcset=\"https:\/\/acrj.org.br\/wp-content\/uploads\/2024\/05\/publico-1024x531.jpg 1024w, https:\/\/acrj.org.br\/wp-content\/uploads\/2024\/05\/publico-300x156.jpg 300w, https:\/\/acrj.org.br\/wp-content\/uploads\/2024\/05\/publico-768x398.jpg 768w, https:\/\/acrj.org.br\/wp-content\/uploads\/2024\/05\/publico-1536x796.jpg 1536w, https:\/\/acrj.org.br\/wp-content\/uploads\/2024\/05\/publico-600x311.jpg 600w, https:\/\/acrj.org.br\/wp-content\/uploads\/2024\/05\/publico.jpg 2000w\" sizes=\"(max-width: 1024px) 100vw, 1024px\" \/><\/figure>\n","protected":false},"excerpt":{"rendered":"<p>A ACRJ recebeu, dia 14\/5, os integrantes do Oxford Group, centro de apoio ao desenvolvimento e internacionaliza\u00e7\u00e3o de empresas brasileiras no exterior, e do SeaPort&hellip;<\/p>\n","protected":false},"author":3,"featured_media":26237,"comment_status":"closed","ping_status":"closed","sticky":false,"template":"","format":"standard","meta":{"_exactmetrics_skip_tracking":false,"_exactmetrics_sitenote_active":false,"_exactmetrics_sitenote_note":"","_exactmetrics_sitenote_category":0,"footnotes":""},"categories":[6],"tags":[],"class_list":["post-26208","post","type-post","status-publish","format-standard","has-post-thumbnail","hentry","category-destaque_noticias"],"_links":{"self":[{"href":"https:\/\/acrj.org.br\/index.php\/wp-json\/wp\/v2\/posts\/26208","targetHints":{"allow":["GET"]}}],"collection":[{"href":"https:\/\/acrj.org.br\/index.php\/wp-json\/wp\/v2\/posts"}],"about":[{"href":"https:\/\/acrj.org.br\/index.php\/wp-json\/wp\/v2\/types\/post"}],"author":[{"embeddable":true,"href":"https:\/\/acrj.org.br\/index.php\/wp-json\/wp\/v2\/users\/3"}],"replies":[{"embeddable":true,"href":"https:\/\/acrj.org.br\/index.php\/wp-json\/wp\/v2\/comments?post=26208"}],"version-history":[{"count":0,"href":"https:\/\/acrj.org.br\/index.php\/wp-json\/wp\/v2\/posts\/26208\/revisions"}],"wp:featuredmedia":[{"embeddable":true,"href":"https:\/\/acrj.org.br\/index.php\/wp-json\/wp\/v2\/media\/26237"}],"wp:attachment":[{"href":"https:\/\/acrj.org.br\/index.php\/wp-json\/wp\/v2\/media?parent=26208"}],"wp:term":[{"taxonomy":"category","embeddable":true,"href":"https:\/\/acrj.org.br\/index.php\/wp-json\/wp\/v2\/categories?post=26208"},{"taxonomy":"post_tag","embeddable":true,"href":"https:\/\/acrj.org.br\/index.php\/wp-json\/wp\/v2\/tags?post=26208"}],"curies":[{"name":"wp","href":"https:\/\/api.w.org\/{rel}","templated":true}]}}