{"id":2617,"date":"2018-10-04T22:05:00","date_gmt":"2018-10-05T01:05:00","guid":{"rendered":"http:\/\/acrj2020.profissional.ws\/?p=2617"},"modified":"2020-02-29T22:06:25","modified_gmt":"2020-03-01T01:06:25","slug":"interventor-federal-e-homenageado-pela-acrj-pelo-dia-do-soldado","status":"publish","type":"post","link":"https:\/\/acrj.org.br\/index.php\/2018\/10\/04\/interventor-federal-e-homenageado-pela-acrj-pelo-dia-do-soldado\/","title":{"rendered":"Interventor Federal \u00e9 homenageado pela ACRJ pelo Dia do Soldado"},"content":{"rendered":"\n<p>A Associa\u00e7\u00e3o Comercial do Rio de Janeiro (ACRJ), em cerim\u00f4nia realizada no dia 3 de outubro, homenageou o Interventor Federal e Comandante Militar do Leste, General Walter Souza Braga Netto, e ao Ex\u00e9rcito Brasileiro em refer\u00eancia ao Dia do Soldado.<\/p>\n\n\n\n<p>A homenagem \u00e9 um reconhecimento da entidade \u00e0 import\u00e2ncia das For\u00e7as Armadas na atua\u00e7\u00e3o da Interven\u00e7\u00e3o Federal na Seguran\u00e7a P\u00fablica do Rio de Janeiro.&nbsp;<\/p>\n\n\n\n<p>Na ocasi\u00e3o, o General Braga Netto entregou uma nota de agradecimento \u00e0 presidente da ACRJ, Angela Costa, pela defesa da continuidade e do legado da Interven\u00e7\u00e3o Federal no RJ.&nbsp;<\/p>\n\n\n\n<p>Tamb\u00e9m estiveram presentes na cerim\u00f4nia o General de Divis\u00e3o La\u00e9lio Soares de Andrade; o Subchefe do Estado-Maior do Comando do 1\u00ba Distrito Naval, Comandante Claudio Sousa Freitas; o Vice-Almirante Jos\u00e9 Augusto Vieira da Cunha de Menezes; o General de Divis\u00e3o Paulo Roberto de Oliveira; o Major Brigadeiro do Ar Mauro Martins Machado; o General de Brigada S\u00e9rgio Jos\u00e9 Pereira; o General de Brigada S\u00e9rgio Schwingel; o General de Brigada Paulo Rodrigues Pimentel; e os vice-presidentes H\u00e9lio Ferraz, Jos\u00e9 Antonio do Nascimento Brito e Daniel Homem de Carvalho.<\/p>\n","protected":false},"excerpt":{"rendered":"<p>A Associa\u00e7\u00e3o Comercial do Rio de Janeiro (ACRJ), em cerim\u00f4nia realizada no dia 3 de outubro, homenageou o Interventor Federal e Comandante Militar do Leste,&hellip;<\/p>\n","protected":false},"author":1,"featured_media":2618,"comment_status":"closed","ping_status":"open","sticky":false,"template":"","format":"standard","meta":{"_exactmetrics_skip_tracking":false,"_exactmetrics_sitenote_active":false,"_exactmetrics_sitenote_note":"","_exactmetrics_sitenote_category":0,"footnotes":""},"categories":[10],"tags":[],"class_list":["post-2617","post","type-post","status-publish","format-standard","has-post-thumbnail","hentry","category-noticias"],"_links":{"self":[{"href":"https:\/\/acrj.org.br\/index.php\/wp-json\/wp\/v2\/posts\/2617","targetHints":{"allow":["GET"]}}],"collection":[{"href":"https:\/\/acrj.org.br\/index.php\/wp-json\/wp\/v2\/posts"}],"about":[{"href":"https:\/\/acrj.org.br\/index.php\/wp-json\/wp\/v2\/types\/post"}],"author":[{"embeddable":true,"href":"https:\/\/acrj.org.br\/index.php\/wp-json\/wp\/v2\/users\/1"}],"replies":[{"embeddable":true,"href":"https:\/\/acrj.org.br\/index.php\/wp-json\/wp\/v2\/comments?post=2617"}],"version-history":[{"count":0,"href":"https:\/\/acrj.org.br\/index.php\/wp-json\/wp\/v2\/posts\/2617\/revisions"}],"wp:featuredmedia":[{"embeddable":true,"href":"https:\/\/acrj.org.br\/index.php\/wp-json\/wp\/v2\/media\/2618"}],"wp:attachment":[{"href":"https:\/\/acrj.org.br\/index.php\/wp-json\/wp\/v2\/media?parent=2617"}],"wp:term":[{"taxonomy":"category","embeddable":true,"href":"https:\/\/acrj.org.br\/index.php\/wp-json\/wp\/v2\/categories?post=2617"},{"taxonomy":"post_tag","embeddable":true,"href":"https:\/\/acrj.org.br\/index.php\/wp-json\/wp\/v2\/tags?post=2617"}],"curies":[{"name":"wp","href":"https:\/\/api.w.org\/{rel}","templated":true}]}}