{"id":25818,"date":"2024-05-09T12:09:24","date_gmt":"2024-05-09T15:09:24","guid":{"rendered":"https:\/\/acrj.org.br\/?p=25818"},"modified":"2024-05-29T12:26:17","modified_gmt":"2024-05-29T15:26:17","slug":"seminario-na-acrj-debate-empregabilidade-mercado-de-trabalho-e-1o-emprego","status":"publish","type":"post","link":"https:\/\/acrj.org.br\/index.php\/2024\/05\/09\/seminario-na-acrj-debate-empregabilidade-mercado-de-trabalho-e-1o-emprego\/","title":{"rendered":"Semin\u00e1rio na ACRJ debate mercado de trabalho, empregabilidade e 1\u00ba emprego"},"content":{"rendered":"\n<p>A ACRJ promoveu, dia 8 de maio, o semin\u00e1rio Empregabilidade, que recebeu na abertura o secret\u00e1rio municipal de Assist\u00eancia Social do Rio, Adilson Pires. Ele foi recepcionado pelo vice-presidente Jur\u00eddico da ACRJ, Laudelino da Costa Mendes Neto, representando o presidente Josier Vilar, e os presidentes do Conselho de Jovens, Pedro Rafael, e das Micro e Pequenas Empresas da ACRJ, Thor Carvalho. O evento tamb\u00e9m contou coma presen\u00e7a do presidente do Conselho de Energia e Transi\u00e7\u00e3o Energ\u00e9tica, Gabriel Kropsch, e do vice do Conselho de Jovens, Victor Mota.<\/p>\n\n\n\n<p>O debate foi dividido em dois pain\u00e9is: \u201cDa Universidade ao Mercado: o impacto das empresas juniores no ecossistema fluminense\u201d e \u201cDificuldades para a Empregabilidade e a 1\u00aa Experi\u00eancia\u201d.<\/p>\n\n\n\n<p>Na abertura do encontro, Laudelino da Costa destacou que trabalho \u00e9 do interesse de todos e como \u00e9 importante o primeiro emprego para um jovem. Segundo ele, a partir do primeiro emprego a pessoa ter\u00e1 a possibilidade de alcan\u00e7ar muitas possibilidades profissionais. \u201cN\u00e3o tendo o primeiro emprego ela n\u00e3o far\u00e1 essa caminhada\u201d, disse. Ele acrescentou que empregabilidade \u201c\u00e9 um daqueles temas que abrange uma infinidade de vari\u00e1veis, incluindo o emprego formal e o informal&#8221;.<\/p>\n\n\n\n<p>O secret\u00e1rio chamou a aten\u00e7\u00e3o para os dados do \u00faltimo censo que mostra que o Rio de Janeiro possui quase 7.900 pessoas em situa\u00e7\u00e3o de rua, sendo 1.150 jovens, na faixa et\u00e1ria entre 19 a 29 anos. De acordo com ele, \u00e9 um n\u00famero muito alto, agravado pelo fato desses jovens terem um baixo n\u00edvel de escolaridade e ainda mais dificuldade de entrar para o mercado de trabalho. Adilson Pires acrescentou que a Secretaria est\u00e1 aberta a receber contribui\u00e7\u00f5es e ideias vindas da ACRJ.<\/p>\n\n\n\n<p>O debate do primeiro painel teve modera\u00e7\u00e3o de Felipe Beltrame e a participa\u00e7\u00e3o de Alexandre Caseira e Jo\u00e3o Paulo Braga, todos da Rio Junior. O segundo painel contou com Luiz Gustavo Coppola, do CIEE, e Roberto Godinho, do Ibeu e presidente do Conselho de Gest\u00e3o de Recursos Humanos e Desenvolvimento Organizacional da ACRJ.<\/p>\n\n\n\n<p>O encontro foi uma iniciativa do Conselho Empresarial de Jovens da ACRJ com apoio da RioJunior \u2013 Federa\u00e7\u00e3o das Empresas Juniores do Estado do Rio de Janeiro.<\/p>\n\n\n\n<p>O debate na \u00edntegra est\u00e1 dispon\u00edvel no Canal ACRJ Divulga no YouTube. <strong><a href=\"https:\/\/youtu.be\/0TpefePDgyY\">Acesse aqui<\/a><\/strong><\/p>\n\n\n\n<figure class=\"wp-block-image size-large is-resized\"><img fetchpriority=\"high\" decoding=\"async\" width=\"1024\" height=\"517\" src=\"https:\/\/acrj.org.br\/wp-content\/uploads\/2024\/05\/grupo-1-1024x517.jpeg\" alt=\"\" class=\"wp-image-25820\" style=\"width:498px;height:auto\" srcset=\"https:\/\/acrj.org.br\/wp-content\/uploads\/2024\/05\/grupo-1-1024x517.jpeg 1024w, https:\/\/acrj.org.br\/wp-content\/uploads\/2024\/05\/grupo-1-300x152.jpeg 300w, https:\/\/acrj.org.br\/wp-content\/uploads\/2024\/05\/grupo-1-768x388.jpeg 768w, https:\/\/acrj.org.br\/wp-content\/uploads\/2024\/05\/grupo-1-1536x776.jpeg 1536w, https:\/\/acrj.org.br\/wp-content\/uploads\/2024\/05\/grupo-1-600x303.jpeg 600w, https:\/\/acrj.org.br\/wp-content\/uploads\/2024\/05\/grupo-1.jpeg 1600w\" sizes=\"(max-width: 1024px) 100vw, 1024px\" \/><\/figure>\n","protected":false},"excerpt":{"rendered":"<p>A ACRJ promoveu, dia 8 de maio, o semin\u00e1rio Empregabilidade, que recebeu na abertura o secret\u00e1rio municipal de Assist\u00eancia Social do Rio, Adilson Pires. Ele&hellip;<\/p>\n","protected":false},"author":3,"featured_media":25819,"comment_status":"closed","ping_status":"closed","sticky":false,"template":"","format":"standard","meta":{"_exactmetrics_skip_tracking":false,"_exactmetrics_sitenote_active":false,"_exactmetrics_sitenote_note":"","_exactmetrics_sitenote_category":0,"footnotes":""},"categories":[56],"tags":[],"class_list":["post-25818","post","type-post","status-publish","format-standard","has-post-thumbnail","hentry","category-destaque_conselhos"],"_links":{"self":[{"href":"https:\/\/acrj.org.br\/index.php\/wp-json\/wp\/v2\/posts\/25818","targetHints":{"allow":["GET"]}}],"collection":[{"href":"https:\/\/acrj.org.br\/index.php\/wp-json\/wp\/v2\/posts"}],"about":[{"href":"https:\/\/acrj.org.br\/index.php\/wp-json\/wp\/v2\/types\/post"}],"author":[{"embeddable":true,"href":"https:\/\/acrj.org.br\/index.php\/wp-json\/wp\/v2\/users\/3"}],"replies":[{"embeddable":true,"href":"https:\/\/acrj.org.br\/index.php\/wp-json\/wp\/v2\/comments?post=25818"}],"version-history":[{"count":0,"href":"https:\/\/acrj.org.br\/index.php\/wp-json\/wp\/v2\/posts\/25818\/revisions"}],"wp:featuredmedia":[{"embeddable":true,"href":"https:\/\/acrj.org.br\/index.php\/wp-json\/wp\/v2\/media\/25819"}],"wp:attachment":[{"href":"https:\/\/acrj.org.br\/index.php\/wp-json\/wp\/v2\/media?parent=25818"}],"wp:term":[{"taxonomy":"category","embeddable":true,"href":"https:\/\/acrj.org.br\/index.php\/wp-json\/wp\/v2\/categories?post=25818"},{"taxonomy":"post_tag","embeddable":true,"href":"https:\/\/acrj.org.br\/index.php\/wp-json\/wp\/v2\/tags?post=25818"}],"curies":[{"name":"wp","href":"https:\/\/api.w.org\/{rel}","templated":true}]}}