{"id":25757,"date":"2024-05-07T21:00:00","date_gmt":"2024-05-08T00:00:00","guid":{"rendered":"https:\/\/acrj.org.br\/?p=25757"},"modified":"2024-05-29T12:27:03","modified_gmt":"2024-05-29T15:27:03","slug":"negocios-de-impacto-e-solidariedade-aos-gauchos","status":"publish","type":"post","link":"https:\/\/acrj.org.br\/index.php\/2024\/05\/07\/negocios-de-impacto-e-solidariedade-aos-gauchos\/","title":{"rendered":"Neg\u00f3cios de impacto e solidariedade aos ga\u00fachos"},"content":{"rendered":"\n<p>Neste epis\u00f3dio o debate \u00e9 sobre a diversidade das Favelas do Rio e os empreendedores resilientes e solid\u00e1rios. E como o Rio de Janeiro pode exportar Intelig\u00eancia empresarial para quest\u00f5es relacionadas a desastres naturais, como este que ocorreu no Rio Grande do Sul, inova\u00e7\u00e3o e impacto social. Participam, Robson Santos, vice-presidente do Conselho de Comunidades, Novos Neg\u00f3cios e Economia Solid\u00e1ria da ACRJ; Jean Pierre, da Plataforma Papoom; e Fernando Villar, da UFRJ.<\/p>\n\n\n\n<figure class=\"wp-block-image size-large is-resized\"><img fetchpriority=\"high\" decoding=\"async\" width=\"1024\" height=\"600\" src=\"https:\/\/acrj.org.br\/wp-content\/uploads\/2024\/05\/negocios-d-eimpacto-povo-gaucho-1024x600.jpg\" alt=\"\" class=\"wp-image-25758\" style=\"width:332px;height:auto\" srcset=\"https:\/\/acrj.org.br\/wp-content\/uploads\/2024\/05\/negocios-d-eimpacto-povo-gaucho-1024x600.jpg 1024w, https:\/\/acrj.org.br\/wp-content\/uploads\/2024\/05\/negocios-d-eimpacto-povo-gaucho-300x176.jpg 300w, https:\/\/acrj.org.br\/wp-content\/uploads\/2024\/05\/negocios-d-eimpacto-povo-gaucho-768x450.jpg 768w, https:\/\/acrj.org.br\/wp-content\/uploads\/2024\/05\/negocios-d-eimpacto-povo-gaucho-1536x900.jpg 1536w, https:\/\/acrj.org.br\/wp-content\/uploads\/2024\/05\/negocios-d-eimpacto-povo-gaucho-600x352.jpg 600w, https:\/\/acrj.org.br\/wp-content\/uploads\/2024\/05\/negocios-d-eimpacto-povo-gaucho.jpg 2001w\" sizes=\"(max-width: 1024px) 100vw, 1024px\" \/><\/figure>\n","protected":false},"excerpt":{"rendered":"<p>Neste epis\u00f3dio o debate \u00e9 sobre a diversidade das Favelas do Rio e os empreendedores resilientes e solid\u00e1rios. E como o Rio de Janeiro pode&hellip;<\/p>\n","protected":false},"author":3,"featured_media":25614,"comment_status":"closed","ping_status":"closed","sticky":false,"template":"","format":"standard","meta":{"_exactmetrics_skip_tracking":false,"_exactmetrics_sitenote_active":false,"_exactmetrics_sitenote_note":"","_exactmetrics_sitenote_category":0,"footnotes":""},"categories":[6],"tags":[],"class_list":["post-25757","post","type-post","status-publish","format-standard","has-post-thumbnail","hentry","category-destaque_noticias"],"_links":{"self":[{"href":"https:\/\/acrj.org.br\/index.php\/wp-json\/wp\/v2\/posts\/25757","targetHints":{"allow":["GET"]}}],"collection":[{"href":"https:\/\/acrj.org.br\/index.php\/wp-json\/wp\/v2\/posts"}],"about":[{"href":"https:\/\/acrj.org.br\/index.php\/wp-json\/wp\/v2\/types\/post"}],"author":[{"embeddable":true,"href":"https:\/\/acrj.org.br\/index.php\/wp-json\/wp\/v2\/users\/3"}],"replies":[{"embeddable":true,"href":"https:\/\/acrj.org.br\/index.php\/wp-json\/wp\/v2\/comments?post=25757"}],"version-history":[{"count":0,"href":"https:\/\/acrj.org.br\/index.php\/wp-json\/wp\/v2\/posts\/25757\/revisions"}],"wp:featuredmedia":[{"embeddable":true,"href":"https:\/\/acrj.org.br\/index.php\/wp-json\/wp\/v2\/media\/25614"}],"wp:attachment":[{"href":"https:\/\/acrj.org.br\/index.php\/wp-json\/wp\/v2\/media?parent=25757"}],"wp:term":[{"taxonomy":"category","embeddable":true,"href":"https:\/\/acrj.org.br\/index.php\/wp-json\/wp\/v2\/categories?post=25757"},{"taxonomy":"post_tag","embeddable":true,"href":"https:\/\/acrj.org.br\/index.php\/wp-json\/wp\/v2\/tags?post=25757"}],"curies":[{"name":"wp","href":"https:\/\/api.w.org\/{rel}","templated":true}]}}