{"id":2570,"date":"2018-10-31T16:34:02","date_gmt":"2018-10-31T19:34:02","guid":{"rendered":"http:\/\/acrj2020.profissional.ws\/?p=2570"},"modified":"2020-02-29T21:35:12","modified_gmt":"2020-03-01T00:35:12","slug":"acrj-debate-um-ano-da-reforma-trabalhista","status":"publish","type":"post","link":"https:\/\/acrj.org.br\/index.php\/2018\/10\/31\/acrj-debate-um-ano-da-reforma-trabalhista\/","title":{"rendered":"ACRJ debate um ano da Reforma Trabalhista"},"content":{"rendered":"\n<p>A Associa\u00e7\u00e3o Comercial do Rio de Janeiro (ACRJ) promove, no pr\u00f3ximo dia 9 de novembro, um semin\u00e1rio com foco no primeiro ano da Reforma Trabalhista. A ideia \u00e9 fazer um balan\u00e7o do per\u00edodo e apresentar os avan\u00e7os legais para a classe empresarial, al\u00e9m de propor novas possibilidades, como a terceiriza\u00e7\u00e3o de qualquer atividade laboral, j\u00e1 aprovada no Supremo Tribunal Federal.<\/p>\n\n\n\n<p>O evento ir\u00e1 reunir grandes nomes da \u00e1rea, como o advogado D\u00e9cio Freire, presidente do Conselho Jur\u00eddico Estrat\u00e9gico da ACRJ e articulador do processo no STF, e Carlos Zangrando, professor do MBA em Direito Empresarial da Funda\u00e7\u00e3o Get\u00falio Vargas.&nbsp; \u201cNossa proposta \u00e9 entender o que tivemos de progressos, resist\u00eancias e quais as expectativas para o futuro da Reforma\u201d, explica D\u00e9cio.<\/p>\n\n\n\n<p>Para as palestras, est\u00e3o escalados os ju\u00edzes M\u00facio Nascimento Borges, titular da 33\u00aa Vara do Trabalho e professor de p\u00f3s-gradua\u00e7\u00e3o em Direito do Trabalho na Escola Associativa dos Ju\u00edzes do Trabalho (EJUTRA), a desembargadora Dalva Am\u00e9lia de Oliveira, do Tribunal Regional do Trabalho da 1\u00aa Regi\u00e3o, e Fernando Zorzenon, desembargador e presidente do Tribunal Regional do Trabalho da 1\u00aa Regi\u00e3o.<\/p>\n\n\n\n<p>Fa\u00e7a sua inscri\u00e7\u00e3o&nbsp;<a href=\"https:\/\/docs.google.com\/forms\/d\/e\/1FAIpQLSfpIzYRyUBVdAeaJ5qf6xCG6ID14aKg1Sk59zD56pqUOnjUvw\/viewform\">aqui<\/a>.<\/p>\n\n\n\n<p>O semin\u00e1rio \u00e9 aberto ao p\u00fablico e come\u00e7a \u00e0s 10h.<\/p>\n\n\n\n<p><strong>Servi\u00e7o<\/strong>:<br><strong>Semin\u00e1rio 1 ano Reforma Trabalhista<\/strong><\/p>\n\n\n\n<p><strong>Data<\/strong>: 9 de novembro, sexta -feira<\/p>\n\n\n\n<p><strong>Hor\u00e1rio<\/strong>: 10h \u00e0s 12h30<\/p>\n\n\n\n<p><strong>Local:<\/strong>&nbsp;Casa do Empres\u00e1rio &#8211; Rua Candel\u00e1ria 9, Centro, 12\u00ba andar.<\/p>\n\n\n\n<p><strong>Entrada gratuita<\/strong><\/p>\n\n\n\n<p><strong>Mais informa\u00e7\u00f5es:<\/strong>&nbsp;(21)2514-1203&nbsp;<\/p>\n","protected":false},"excerpt":{"rendered":"<p>A Associa\u00e7\u00e3o Comercial do Rio de Janeiro (ACRJ) promove, no pr\u00f3ximo dia 9 de novembro, um semin\u00e1rio com foco no primeiro ano da Reforma Trabalhista.&hellip;<\/p>\n","protected":false},"author":1,"featured_media":2571,"comment_status":"closed","ping_status":"open","sticky":false,"template":"","format":"standard","meta":{"_exactmetrics_skip_tracking":false,"_exactmetrics_sitenote_active":false,"_exactmetrics_sitenote_note":"","_exactmetrics_sitenote_category":0,"footnotes":""},"categories":[10],"tags":[],"class_list":["post-2570","post","type-post","status-publish","format-standard","has-post-thumbnail","hentry","category-noticias"],"_links":{"self":[{"href":"https:\/\/acrj.org.br\/index.php\/wp-json\/wp\/v2\/posts\/2570","targetHints":{"allow":["GET"]}}],"collection":[{"href":"https:\/\/acrj.org.br\/index.php\/wp-json\/wp\/v2\/posts"}],"about":[{"href":"https:\/\/acrj.org.br\/index.php\/wp-json\/wp\/v2\/types\/post"}],"author":[{"embeddable":true,"href":"https:\/\/acrj.org.br\/index.php\/wp-json\/wp\/v2\/users\/1"}],"replies":[{"embeddable":true,"href":"https:\/\/acrj.org.br\/index.php\/wp-json\/wp\/v2\/comments?post=2570"}],"version-history":[{"count":0,"href":"https:\/\/acrj.org.br\/index.php\/wp-json\/wp\/v2\/posts\/2570\/revisions"}],"wp:featuredmedia":[{"embeddable":true,"href":"https:\/\/acrj.org.br\/index.php\/wp-json\/wp\/v2\/media\/2571"}],"wp:attachment":[{"href":"https:\/\/acrj.org.br\/index.php\/wp-json\/wp\/v2\/media?parent=2570"}],"wp:term":[{"taxonomy":"category","embeddable":true,"href":"https:\/\/acrj.org.br\/index.php\/wp-json\/wp\/v2\/categories?post=2570"},{"taxonomy":"post_tag","embeddable":true,"href":"https:\/\/acrj.org.br\/index.php\/wp-json\/wp\/v2\/tags?post=2570"}],"curies":[{"name":"wp","href":"https:\/\/api.w.org\/{rel}","templated":true}]}}