{"id":25608,"date":"2024-05-03T16:46:27","date_gmt":"2024-05-03T19:46:27","guid":{"rendered":"https:\/\/acrj.org.br\/?p=25608"},"modified":"2024-05-29T12:27:50","modified_gmt":"2024-05-29T15:27:50","slug":"moda-e-design","status":"publish","type":"post","link":"https:\/\/acrj.org.br\/index.php\/2024\/05\/03\/moda-e-design\/","title":{"rendered":"Moda e Design"},"content":{"rendered":"\n<p>Neste epis\u00f3dio, o Podcast RJ Mais Neg\u00f3cios ACRJ conversou com Isabela Keiko, da Tranoi Paris, o Sal\u00e3o Internacional de Design de Paris, que recebe compradores do mundo inteiro, a estilista Alessandra Migani, da marca Alessa, e Antonio Bereguer, da Firjan. No papo, as oprotunidades de neg\u00f3cios da moda no Rio de Janeiro.<\/p>\n\n\n\n<p>Dispon\u00edvel no Canal ACRJ Divulga. <strong><a href=\"https:\/\/youtu.be\/WFo8JSPzsIw\">Assista aqui<\/a><\/strong><\/p>\n\n\n\n<figure class=\"wp-block-image size-large is-resized\"><img fetchpriority=\"high\" decoding=\"async\" width=\"1024\" height=\"581\" src=\"https:\/\/acrj.org.br\/wp-content\/uploads\/2024\/05\/moda-1024x581.jpg\" alt=\"\" class=\"wp-image-25609\" style=\"width:337px;height:auto\" srcset=\"https:\/\/acrj.org.br\/wp-content\/uploads\/2024\/05\/moda-1024x581.jpg 1024w, https:\/\/acrj.org.br\/wp-content\/uploads\/2024\/05\/moda-300x170.jpg 300w, https:\/\/acrj.org.br\/wp-content\/uploads\/2024\/05\/moda-768x436.jpg 768w, https:\/\/acrj.org.br\/wp-content\/uploads\/2024\/05\/moda-1536x872.jpg 1536w, https:\/\/acrj.org.br\/wp-content\/uploads\/2024\/05\/moda-600x341.jpg 600w, https:\/\/acrj.org.br\/wp-content\/uploads\/2024\/05\/moda.jpg 2001w\" sizes=\"(max-width: 1024px) 100vw, 1024px\" \/><\/figure>\n","protected":false},"excerpt":{"rendered":"<p>Neste epis\u00f3dio, o Podcast RJ Mais Neg\u00f3cios ACRJ conversou com Isabela Keiko, da Tranoi Paris, o Sal\u00e3o Internacional de Design de Paris, que recebe compradores&hellip;<\/p>\n","protected":false},"author":3,"featured_media":25614,"comment_status":"closed","ping_status":"closed","sticky":false,"template":"","format":"standard","meta":{"_exactmetrics_skip_tracking":false,"_exactmetrics_sitenote_active":false,"_exactmetrics_sitenote_note":"","_exactmetrics_sitenote_category":0,"footnotes":""},"categories":[6],"tags":[],"class_list":["post-25608","post","type-post","status-publish","format-standard","has-post-thumbnail","hentry","category-destaque_noticias"],"_links":{"self":[{"href":"https:\/\/acrj.org.br\/index.php\/wp-json\/wp\/v2\/posts\/25608","targetHints":{"allow":["GET"]}}],"collection":[{"href":"https:\/\/acrj.org.br\/index.php\/wp-json\/wp\/v2\/posts"}],"about":[{"href":"https:\/\/acrj.org.br\/index.php\/wp-json\/wp\/v2\/types\/post"}],"author":[{"embeddable":true,"href":"https:\/\/acrj.org.br\/index.php\/wp-json\/wp\/v2\/users\/3"}],"replies":[{"embeddable":true,"href":"https:\/\/acrj.org.br\/index.php\/wp-json\/wp\/v2\/comments?post=25608"}],"version-history":[{"count":0,"href":"https:\/\/acrj.org.br\/index.php\/wp-json\/wp\/v2\/posts\/25608\/revisions"}],"wp:featuredmedia":[{"embeddable":true,"href":"https:\/\/acrj.org.br\/index.php\/wp-json\/wp\/v2\/media\/25614"}],"wp:attachment":[{"href":"https:\/\/acrj.org.br\/index.php\/wp-json\/wp\/v2\/media?parent=25608"}],"wp:term":[{"taxonomy":"category","embeddable":true,"href":"https:\/\/acrj.org.br\/index.php\/wp-json\/wp\/v2\/categories?post=25608"},{"taxonomy":"post_tag","embeddable":true,"href":"https:\/\/acrj.org.br\/index.php\/wp-json\/wp\/v2\/tags?post=25608"}],"curies":[{"name":"wp","href":"https:\/\/api.w.org\/{rel}","templated":true}]}}