{"id":25593,"date":"2024-05-03T14:49:49","date_gmt":"2024-05-03T17:49:49","guid":{"rendered":"https:\/\/acrj.org.br\/?p=25593"},"modified":"2024-05-29T12:27:57","modified_gmt":"2024-05-29T15:27:57","slug":"encontro-sobre-lideranca-feminina-reune-tres-referencias-em-suas-areas-de-atuacao","status":"publish","type":"post","link":"https:\/\/acrj.org.br\/index.php\/2024\/05\/03\/encontro-sobre-lideranca-feminina-reune-tres-referencias-em-suas-areas-de-atuacao\/","title":{"rendered":"Encontro sobre Lideran\u00e7a Feminina re\u00fane tr\u00eas refer\u00eancias em suas \u00e1reas de atua\u00e7\u00e3o"},"content":{"rendered":"\n<p>A ACRJ promoveu, dia 3 de maio, um debate sobre Lideran\u00e7a Feminina e empresas familiares que reuniu tr\u00eas mulheres que s\u00e3o refer\u00eancia em suas \u00e1reas de atua\u00e7\u00e3o: Kiki Moretti, fundadora e CEO do Grupo In Press de Comunica\u00e7\u00e3o, Ruth Katz de Castro Gelband, diretora geral da SH Formas e Andaimes, e Ylana Miller, Fundadora e CEO da Yluminarh. O encontro foi aberto pelo presidente do Conselho Superior da ACRJ, Ruy Barreto Filho.<\/p>\n\n\n\n<p>A iniciativa dos presidentes dos Conselhos Empresariais da Mulher, Michelle Novaes, e de Governan\u00e7a, Compliance e Diversidade, Humberto Mota Filho, com este encontro foi compartilhar as experi\u00eancias das convidadas \u00e0 frente de suas empresas e de debater as boas pr\u00e1ticas para a equidade de g\u00eanero. O evento contou com a presen\u00e7a de Leonardo Zylberman, do IBGC \u2013 Instituto Brasileiro de Governan\u00e7a Corporativa, no \u00e2mbito do termo de coopera\u00e7\u00e3o assinado este ano com a ACRJ. O IBGC foi respons\u00e1vel pela curadoria do evento.<\/p>\n\n\n\n<p>Ao dar in\u00edcio \u00e0 reuni\u00e3o, Humberto Mota Filho mencionou a import\u00e2ncia de discutir cada vez mais a lideran\u00e7a feminina em todas as \u00e1reas e fortalecer a diversidade, seja de g\u00eanero, ra\u00e7a, idade. \u201cO pr\u00f3prio Conselho de Governan\u00e7a, Compliance e Diversidade da ACRJ est\u00e1 aberto a essas discuss\u00f5es que podem ajudar a fortalecer a inclus\u00e3o de todos os grupos\u201d, enfatizou.<\/p>\n\n\n\n<p>Michele Novaes destacou a import\u00e2ncia de cada vez mais serem realizados encontros para discutir o papel das mulheres na lideran\u00e7a das empresas. \u201cA quantidade de mulheres em grupos e em conselhos de empresas ainda n\u00e3o \u00e9 t\u00e3o relevante como a gente gostaria que fosse, mas vamos continuar lutando para reverter este cen\u00e1rio\u201d, disse.<\/p>\n\n\n\n<p>As convidadas se apresentaram e falaram sobre experi\u00eancias profissionais e pessoais e os desafios enfrentados diariamente na lideran\u00e7a de sus neg\u00f3cios. Kiki Moretti \u00e9 jornalista, fundadora e CEO do Grupo In Press, holding de ag\u00eancias de rela\u00e7\u00f5es p\u00fablicas e servi\u00e7os de comunica\u00e7\u00e3o, que passou por alguns ve\u00edculos de imprensa e desde 1988 lidera sua pr\u00f3pria ag\u00eancia. \u00c9 membro do conselho WILL &#8211; Women in Leadership in Latin America e atualmente lidera uma equipe de mais de 700 pessoas, sendo 69% mulheres. \u201cA mulher tem que estar onde ela quiser, essa \u00e9 a verdadeira liberdade feminina\u201d, ressaltou.<\/p>\n\n\n\n<p>Ylana Miller \u00e9 especializada em desenvolvimento humano e organizacional e planejamento e gest\u00e3o de Recursos Humanos e criou a Yluminarh, uma consultoria de pessoas e Organiza\u00e7\u00f5es. Possui 32 anos de experi\u00eancia profissional em empresas de diversos segmentos e \u00e9 tamb\u00e9m Conselheira de Administra\u00e7\u00e3o certificada pelo IBGC. Integra os Conselhos de Responsabilidade Social e de Mulheres da Firjan e defende que s\u00f3 o desenvolvimento de a\u00e7\u00f5es para potencializar a participa\u00e7\u00e3o de mulheres no mercado de trabalho possa produzir algum efeito na equidade de g\u00eaneros.<\/p>\n\n\n\n<p>Ruth Katz vem de uma fam\u00edlia de imigrantes alem\u00e3os que come\u00e7ou a empreender no Brasil ainda na d\u00e9cada de 1930 em S\u00e3o Paulo. Estudou Economia, passou por v\u00e1rias empresas e teve experi\u00eancias diversas antes de assumir os neg\u00f3cios da fam\u00edlia. Hoje lidera um grupo de mil colaboradores na SH Formas e Andaimes, empresa fundada por seu pai com 54 anos de atua\u00e7\u00e3o em solu\u00e7\u00f5es em engenharia para execu\u00e7\u00e3o de estruturas.<\/p>\n\n\n\n<figure class=\"wp-block-image size-large is-resized\"><img fetchpriority=\"high\" decoding=\"async\" width=\"1024\" height=\"461\" src=\"https:\/\/acrj.org.br\/wp-content\/uploads\/2024\/05\/grupo-1024x461.jpg\" alt=\"\" class=\"wp-image-25595\" style=\"width:499px;height:auto\" srcset=\"https:\/\/acrj.org.br\/wp-content\/uploads\/2024\/05\/grupo-1024x461.jpg 1024w, https:\/\/acrj.org.br\/wp-content\/uploads\/2024\/05\/grupo-300x135.jpg 300w, https:\/\/acrj.org.br\/wp-content\/uploads\/2024\/05\/grupo-768x346.jpg 768w, https:\/\/acrj.org.br\/wp-content\/uploads\/2024\/05\/grupo-1536x691.jpg 1536w, https:\/\/acrj.org.br\/wp-content\/uploads\/2024\/05\/grupo-600x270.jpg 600w, https:\/\/acrj.org.br\/wp-content\/uploads\/2024\/05\/grupo.jpg 2000w\" sizes=\"(max-width: 1024px) 100vw, 1024px\" \/><figcaption class=\"wp-element-caption\">Josir Vilar, Michelle Novaes, Leonardo Zylberman, Kiki Moretti, Humberto <br>Filho, Ruth Katz e Ylana Miller<\/figcaption><\/figure>\n\n\n\n<figure class=\"wp-block-image size-large is-resized\"><img decoding=\"async\" width=\"1024\" height=\"501\" src=\"https:\/\/acrj.org.br\/wp-content\/uploads\/2024\/05\/ruy-1024x501.jpg\" alt=\"\" class=\"wp-image-25596\" style=\"width:500px;height:auto\" srcset=\"https:\/\/acrj.org.br\/wp-content\/uploads\/2024\/05\/ruy-1024x501.jpg 1024w, https:\/\/acrj.org.br\/wp-content\/uploads\/2024\/05\/ruy-300x147.jpg 300w, https:\/\/acrj.org.br\/wp-content\/uploads\/2024\/05\/ruy-768x375.jpg 768w, https:\/\/acrj.org.br\/wp-content\/uploads\/2024\/05\/ruy-1536x751.jpg 1536w, https:\/\/acrj.org.br\/wp-content\/uploads\/2024\/05\/ruy-600x293.jpg 600w, https:\/\/acrj.org.br\/wp-content\/uploads\/2024\/05\/ruy.jpg 1841w\" sizes=\"(max-width: 1024px) 100vw, 1024px\" \/><figcaption class=\"wp-element-caption\">Ruy Barreto Filho abriu o encontro<\/figcaption><\/figure>\n\n\n\n<figure class=\"wp-block-image size-large is-resized\"><img decoding=\"async\" width=\"1024\" height=\"485\" src=\"https:\/\/acrj.org.br\/wp-content\/uploads\/2024\/05\/plateia-1024x485.jpg\" alt=\"\" class=\"wp-image-25597\" style=\"width:503px;height:auto\" srcset=\"https:\/\/acrj.org.br\/wp-content\/uploads\/2024\/05\/plateia-1024x485.jpg 1024w, https:\/\/acrj.org.br\/wp-content\/uploads\/2024\/05\/plateia-300x142.jpg 300w, https:\/\/acrj.org.br\/wp-content\/uploads\/2024\/05\/plateia-768x363.jpg 768w, https:\/\/acrj.org.br\/wp-content\/uploads\/2024\/05\/plateia-1536x727.jpg 1536w, https:\/\/acrj.org.br\/wp-content\/uploads\/2024\/05\/plateia-600x284.jpg 600w, https:\/\/acrj.org.br\/wp-content\/uploads\/2024\/05\/plateia.jpg 1902w\" sizes=\"(max-width: 1024px) 100vw, 1024px\" \/><\/figure>\n","protected":false},"excerpt":{"rendered":"<p>A ACRJ promoveu, dia 3 de maio, um debate sobre Lideran\u00e7a Feminina e empresas familiares que reuniu tr\u00eas mulheres que s\u00e3o refer\u00eancia em suas \u00e1reas&hellip;<\/p>\n","protected":false},"author":3,"featured_media":25594,"comment_status":"closed","ping_status":"closed","sticky":false,"template":"","format":"standard","meta":{"_exactmetrics_skip_tracking":false,"_exactmetrics_sitenote_active":false,"_exactmetrics_sitenote_note":"","_exactmetrics_sitenote_category":0,"footnotes":""},"categories":[56],"tags":[],"class_list":["post-25593","post","type-post","status-publish","format-standard","has-post-thumbnail","hentry","category-destaque_conselhos"],"_links":{"self":[{"href":"https:\/\/acrj.org.br\/index.php\/wp-json\/wp\/v2\/posts\/25593","targetHints":{"allow":["GET"]}}],"collection":[{"href":"https:\/\/acrj.org.br\/index.php\/wp-json\/wp\/v2\/posts"}],"about":[{"href":"https:\/\/acrj.org.br\/index.php\/wp-json\/wp\/v2\/types\/post"}],"author":[{"embeddable":true,"href":"https:\/\/acrj.org.br\/index.php\/wp-json\/wp\/v2\/users\/3"}],"replies":[{"embeddable":true,"href":"https:\/\/acrj.org.br\/index.php\/wp-json\/wp\/v2\/comments?post=25593"}],"version-history":[{"count":0,"href":"https:\/\/acrj.org.br\/index.php\/wp-json\/wp\/v2\/posts\/25593\/revisions"}],"wp:featuredmedia":[{"embeddable":true,"href":"https:\/\/acrj.org.br\/index.php\/wp-json\/wp\/v2\/media\/25594"}],"wp:attachment":[{"href":"https:\/\/acrj.org.br\/index.php\/wp-json\/wp\/v2\/media?parent=25593"}],"wp:term":[{"taxonomy":"category","embeddable":true,"href":"https:\/\/acrj.org.br\/index.php\/wp-json\/wp\/v2\/categories?post=25593"},{"taxonomy":"post_tag","embeddable":true,"href":"https:\/\/acrj.org.br\/index.php\/wp-json\/wp\/v2\/tags?post=25593"}],"curies":[{"name":"wp","href":"https:\/\/api.w.org\/{rel}","templated":true}]}}