{"id":2558,"date":"2018-11-01T21:26:00","date_gmt":"2018-11-02T00:26:00","guid":{"rendered":"http:\/\/acrj2020.profissional.ws\/?p=2558"},"modified":"2020-02-29T21:27:25","modified_gmt":"2020-03-01T00:27:25","slug":"acrj-representa-empresariado-brasileiro-em-evento-na-china","status":"publish","type":"post","link":"https:\/\/acrj.org.br\/index.php\/2018\/11\/01\/acrj-representa-empresariado-brasileiro-em-evento-na-china\/","title":{"rendered":"ACRJ representa empresariado brasileiro em evento na China"},"content":{"rendered":"\n<p>A Associa\u00e7\u00e3o Comercial do Rio de Janeiro (ACRJ) foi uma das entidades brasileiras convidadas pelo governo da China para participar do Semin\u00e1rio de Promo\u00e7\u00e3o Comercial com Pa\u00edses de L\u00edngua Portuguesa, em Xangai, entre 31 de outubro e 13 de novembro. Entre os temas debatidos est\u00e3o as reformas econ\u00f4micas, a desburocratizac\u00e3o e inova\u00e7\u00e3o institucional, o compliance das zonas pilotos de livre com\u00e9rcio, a guerra comercial entre os Estados Unidos e a China e o novo papel da China e dos BRICS no cen\u00e1rio global.<\/p>\n\n\n\n<p>\u201cEstamos conhecendo o sistema de com\u00e9rcio da China, trocando informa\u00e7\u00f5es e experi\u00eancias. Trouxemos tamb\u00e9m a Agenda Positiva, elaborada pela ACRJ, para apresentar um pouco mais sobre a entidade e como funciona nosso ambiente de neg\u00f3cios\u201d, explica o presidente do Conselho de Governan\u00e7a e Compliance da ACRJ, Humberto Mota Filho, uma das lideran\u00e7as da Casa do Empres\u00e1rio.&nbsp; Participa, tamb\u00e9m, Luiz Guilherme Rodrigues, vice-presidente de Associados.<\/p>\n","protected":false},"excerpt":{"rendered":"<p>A Associa\u00e7\u00e3o Comercial do Rio de Janeiro (ACRJ) foi uma das entidades brasileiras convidadas pelo governo da China para participar do Semin\u00e1rio de Promo\u00e7\u00e3o Comercial&hellip;<\/p>\n","protected":false},"author":1,"featured_media":2559,"comment_status":"closed","ping_status":"open","sticky":false,"template":"","format":"standard","meta":{"_exactmetrics_skip_tracking":false,"_exactmetrics_sitenote_active":false,"_exactmetrics_sitenote_note":"","_exactmetrics_sitenote_category":0,"footnotes":""},"categories":[10],"tags":[],"class_list":["post-2558","post","type-post","status-publish","format-standard","has-post-thumbnail","hentry","category-noticias"],"_links":{"self":[{"href":"https:\/\/acrj.org.br\/index.php\/wp-json\/wp\/v2\/posts\/2558","targetHints":{"allow":["GET"]}}],"collection":[{"href":"https:\/\/acrj.org.br\/index.php\/wp-json\/wp\/v2\/posts"}],"about":[{"href":"https:\/\/acrj.org.br\/index.php\/wp-json\/wp\/v2\/types\/post"}],"author":[{"embeddable":true,"href":"https:\/\/acrj.org.br\/index.php\/wp-json\/wp\/v2\/users\/1"}],"replies":[{"embeddable":true,"href":"https:\/\/acrj.org.br\/index.php\/wp-json\/wp\/v2\/comments?post=2558"}],"version-history":[{"count":0,"href":"https:\/\/acrj.org.br\/index.php\/wp-json\/wp\/v2\/posts\/2558\/revisions"}],"wp:featuredmedia":[{"embeddable":true,"href":"https:\/\/acrj.org.br\/index.php\/wp-json\/wp\/v2\/media\/2559"}],"wp:attachment":[{"href":"https:\/\/acrj.org.br\/index.php\/wp-json\/wp\/v2\/media?parent=2558"}],"wp:term":[{"taxonomy":"category","embeddable":true,"href":"https:\/\/acrj.org.br\/index.php\/wp-json\/wp\/v2\/categories?post=2558"},{"taxonomy":"post_tag","embeddable":true,"href":"https:\/\/acrj.org.br\/index.php\/wp-json\/wp\/v2\/tags?post=2558"}],"curies":[{"name":"wp","href":"https:\/\/api.w.org\/{rel}","templated":true}]}}