{"id":25568,"date":"2024-05-02T17:31:55","date_gmt":"2024-05-02T20:31:55","guid":{"rendered":"https:\/\/acrj.org.br\/?p=25568"},"modified":"2024-05-29T12:28:22","modified_gmt":"2024-05-29T15:28:22","slug":"conselho-superior-se-reune-e-faz-a-diplomacao-de-novos-benemeritos","status":"publish","type":"post","link":"https:\/\/acrj.org.br\/index.php\/2024\/05\/02\/conselho-superior-se-reune-e-faz-a-diplomacao-de-novos-benemeritos\/","title":{"rendered":"Conselho Superior se re\u00fane e faz a diploma\u00e7\u00e3o de novos Benem\u00e9ritos"},"content":{"rendered":"\n<p>O presidente Ruy Barreto Filho presidiu a reuni\u00e3o do Conselho Superior da ACRJ, realizada dia 2 de maio, e contou com a presen\u00e7a do diretor-secret\u00e1rio do Conselho Superior, Marco Antonio Moreira Leite, do presidente da ACRJ, Joiser Vilar, e de Benem\u00e9ritos. Na pauta do encontro, a entrega de diploma aos Benem\u00e9ritos eleitos no ano passado; a elei\u00e7\u00e3o de novos membros; os Projetos em andamento na ACRJ, entre outros assuntos.<\/p>\n\n\n\n<p>Ruy Barreto Filho deu in\u00edcio \u00e0 diploma\u00e7\u00e3o dos novos membros do Conselho Superior, C\u00e9lia Regina Domingues, Mauro Ribeiro Viegas Filho e Raphael Jos\u00e9 de Oliveira Barreto, que receberam seus diplomas das m\u00e3os, respectivamente, dos Benem\u00e9ritos Laudelino Costa, Josier Vilar e Ruy Barreto Filho.<\/p>\n\n\n\n<p>Em seguida, foram apresentados os novos eleitos: S\u00e1vio Lu\u00eds Ferreira Neves Filho, engenheiro, associado, diretor, vice-presidente e presidente do Conselho Empresarial do Ecossistema do Turismo da ACRJ, para preenchimento da vaga deixada por Linneo Eduardo de Paula Machado; e Sergio Francisco Monteiro de Carvalho Guimar\u00e3es, economista, associado, diretor e vice-presidente Financeiro da ACRJ, para a vaga deixada por Olavo Monteiro de Carvalho. Eles ser\u00e3o diplomados na pr\u00f3xima reuni\u00e3o do Conselho Superior.<\/p>\n\n\n\n<p>O presidente Josier Vilar fez um breve relato sobre os 10 meses \u00e0 frente da Casa de Mau\u00e1 e os projetos que est\u00e3o em andamento. Mencionou o aumento no n\u00famero de Associados no per\u00edodo, que passou de 342 para 810, e na taxa de ocupa\u00e7\u00e3o do pr\u00e9dio, que estava em 42% e hoje encontra-se em 67% com previs\u00e3o de chegar a 80% at\u00e9 o final do ano. Tamb\u00e9m ressaltou os avan\u00e7os na reestrutura\u00e7\u00e3o do parque tecnol\u00f3gico da ACRJ e nas negocia\u00e7\u00f5es de taxas de aluguel que estavam defasadas assim como com os acordos firmados com os locat\u00e1rios que se encontravam inadimplentes. Ele apresentou ainda o novo site, que ganhou um aspecto mais transacional com a inclus\u00e3o de novos servi\u00e7os para os Associados que em breve estar\u00e3o dispon\u00edveis.<\/p>\n\n\n\n<figure class=\"wp-block-image size-large is-resized\"><img fetchpriority=\"high\" decoding=\"async\" width=\"1024\" height=\"584\" src=\"https:\/\/acrj.org.br\/wp-content\/uploads\/2024\/05\/benemeritos-1024x584.jpg\" alt=\"\" class=\"wp-image-25570\" style=\"width:421px;height:auto\" srcset=\"https:\/\/acrj.org.br\/wp-content\/uploads\/2024\/05\/benemeritos-1024x584.jpg 1024w, https:\/\/acrj.org.br\/wp-content\/uploads\/2024\/05\/benemeritos-300x171.jpg 300w, https:\/\/acrj.org.br\/wp-content\/uploads\/2024\/05\/benemeritos-768x438.jpg 768w, https:\/\/acrj.org.br\/wp-content\/uploads\/2024\/05\/benemeritos-1536x875.jpg 1536w, https:\/\/acrj.org.br\/wp-content\/uploads\/2024\/05\/benemeritos-600x342.jpg 600w, https:\/\/acrj.org.br\/wp-content\/uploads\/2024\/05\/benemeritos.jpg 1974w\" sizes=\"(max-width: 1024px) 100vw, 1024px\" \/><figcaption class=\"wp-element-caption\">Mauro Viegas Filho, C\u00e9lia Domingues e Raphael Barreto<\/figcaption><\/figure>\n","protected":false},"excerpt":{"rendered":"<p>O presidente Ruy Barreto Filho presidiu a reuni\u00e3o do Conselho Superior da ACRJ, realizada dia 2 de maio, e contou com a presen\u00e7a do diretor-secret\u00e1rio&hellip;<\/p>\n","protected":false},"author":3,"featured_media":25569,"comment_status":"closed","ping_status":"closed","sticky":false,"template":"","format":"standard","meta":{"_exactmetrics_skip_tracking":false,"_exactmetrics_sitenote_active":false,"_exactmetrics_sitenote_note":"","_exactmetrics_sitenote_category":0,"footnotes":""},"categories":[10],"tags":[],"class_list":["post-25568","post","type-post","status-publish","format-standard","has-post-thumbnail","hentry","category-noticias"],"_links":{"self":[{"href":"https:\/\/acrj.org.br\/index.php\/wp-json\/wp\/v2\/posts\/25568","targetHints":{"allow":["GET"]}}],"collection":[{"href":"https:\/\/acrj.org.br\/index.php\/wp-json\/wp\/v2\/posts"}],"about":[{"href":"https:\/\/acrj.org.br\/index.php\/wp-json\/wp\/v2\/types\/post"}],"author":[{"embeddable":true,"href":"https:\/\/acrj.org.br\/index.php\/wp-json\/wp\/v2\/users\/3"}],"replies":[{"embeddable":true,"href":"https:\/\/acrj.org.br\/index.php\/wp-json\/wp\/v2\/comments?post=25568"}],"version-history":[{"count":0,"href":"https:\/\/acrj.org.br\/index.php\/wp-json\/wp\/v2\/posts\/25568\/revisions"}],"wp:featuredmedia":[{"embeddable":true,"href":"https:\/\/acrj.org.br\/index.php\/wp-json\/wp\/v2\/media\/25569"}],"wp:attachment":[{"href":"https:\/\/acrj.org.br\/index.php\/wp-json\/wp\/v2\/media?parent=25568"}],"wp:term":[{"taxonomy":"category","embeddable":true,"href":"https:\/\/acrj.org.br\/index.php\/wp-json\/wp\/v2\/categories?post=25568"},{"taxonomy":"post_tag","embeddable":true,"href":"https:\/\/acrj.org.br\/index.php\/wp-json\/wp\/v2\/tags?post=25568"}],"curies":[{"name":"wp","href":"https:\/\/api.w.org\/{rel}","templated":true}]}}