{"id":25527,"date":"2024-05-02T10:58:00","date_gmt":"2024-05-02T13:58:00","guid":{"rendered":"https:\/\/acrj.org.br\/?p=25527"},"modified":"2025-01-23T16:52:55","modified_gmt":"2025-01-23T19:52:55","slug":"presidente-da-acrj-participa-do-seminario-o-rio-do-futuro-na-camara-de-vereadores","status":"publish","type":"post","link":"https:\/\/acrj.org.br\/index.php\/2024\/05\/02\/presidente-da-acrj-participa-do-seminario-o-rio-do-futuro-na-camara-de-vereadores\/","title":{"rendered":"Presidente da ACRJ participa do semin\u00e1rio \u201cO Rio do Futuro\u201d na C\u00e2mara de Vereadores"},"content":{"rendered":"\n<p>O presidente da ACRJ, Josier Vilar, participa, dia 7 de maio, do semin\u00e1rio \u201cO Rio do Futuro\u201d, no Pal\u00e1cio Pedro Ernesto, sede da C\u00e2mara Municipal do Rio de Janeiro. Esta segunda edi\u00e7\u00e3o do evento vai abordar o Plano Diretor da cidade, aprovado pela C\u00e2mara dos Vereadores do Rio.<\/p>\n\n\n\n<p>O encontro, que ser\u00e1 realizado dias 7, 8 e 9 de maio, re\u00fane autoridades, especialistas, empres\u00e1rios e jornalistas para discutir temas centrais para a cidade. Josier Vilar participa do painel \u201cRio Cidade de Neg\u00f3cios &#8211; Como o Plano Diretor d\u00e1 seguran\u00e7a jur\u00eddica para o desenvolvimento econ\u00f4mico&#8221;.<\/p>\n\n\n\n<p>O evento \u00e9 uma realiza\u00e7\u00e3o da Editora Globo e da R\u00e1dio CBN com o apoio da C\u00e2mara dos Vereadores do Rio de Janeiro. O evento \u00e9 gratuito, mas as vagas s\u00e3o limitadas. <strong><a href=\"https:\/\/oglobo.globo.com\/projetos\/oriodofuturo\/\">Inscri\u00e7\u00f5es aqui<\/a><\/strong><\/p>\n","protected":false},"excerpt":{"rendered":"<p>O presidente da ACRJ, Josier Vilar, participa, dia 7 de maio, do semin\u00e1rio \u201cO Rio do Futuro\u201d, no Pal\u00e1cio Pedro Ernesto, sede da C\u00e2mara Municipal&hellip;<\/p>\n","protected":false},"author":3,"featured_media":25559,"comment_status":"closed","ping_status":"closed","sticky":false,"template":"","format":"standard","meta":{"_exactmetrics_skip_tracking":false,"_exactmetrics_sitenote_active":false,"_exactmetrics_sitenote_note":"","_exactmetrics_sitenote_category":0,"footnotes":""},"categories":[10],"tags":[],"class_list":["post-25527","post","type-post","status-publish","format-standard","has-post-thumbnail","hentry","category-noticias"],"_links":{"self":[{"href":"https:\/\/acrj.org.br\/index.php\/wp-json\/wp\/v2\/posts\/25527","targetHints":{"allow":["GET"]}}],"collection":[{"href":"https:\/\/acrj.org.br\/index.php\/wp-json\/wp\/v2\/posts"}],"about":[{"href":"https:\/\/acrj.org.br\/index.php\/wp-json\/wp\/v2\/types\/post"}],"author":[{"embeddable":true,"href":"https:\/\/acrj.org.br\/index.php\/wp-json\/wp\/v2\/users\/3"}],"replies":[{"embeddable":true,"href":"https:\/\/acrj.org.br\/index.php\/wp-json\/wp\/v2\/comments?post=25527"}],"version-history":[{"count":0,"href":"https:\/\/acrj.org.br\/index.php\/wp-json\/wp\/v2\/posts\/25527\/revisions"}],"wp:featuredmedia":[{"embeddable":true,"href":"https:\/\/acrj.org.br\/index.php\/wp-json\/wp\/v2\/media\/25559"}],"wp:attachment":[{"href":"https:\/\/acrj.org.br\/index.php\/wp-json\/wp\/v2\/media?parent=25527"}],"wp:term":[{"taxonomy":"category","embeddable":true,"href":"https:\/\/acrj.org.br\/index.php\/wp-json\/wp\/v2\/categories?post=25527"},{"taxonomy":"post_tag","embeddable":true,"href":"https:\/\/acrj.org.br\/index.php\/wp-json\/wp\/v2\/tags?post=25527"}],"curies":[{"name":"wp","href":"https:\/\/api.w.org\/{rel}","templated":true}]}}