{"id":2551,"date":"2018-11-08T16:21:00","date_gmt":"2018-11-08T18:21:00","guid":{"rendered":"http:\/\/acrj2020.profissional.ws\/?p=2551"},"modified":"2020-02-29T21:22:11","modified_gmt":"2020-03-01T00:22:11","slug":"angela-costa-abre-a-serie-de-entrevistas-agenda-do-futuro-do-forum-de-desenvolvimento-do-rio-de-janeiro","status":"publish","type":"post","link":"https:\/\/acrj.org.br\/index.php\/2018\/11\/08\/angela-costa-abre-a-serie-de-entrevistas-agenda-do-futuro-do-forum-de-desenvolvimento-do-rio-de-janeiro\/","title":{"rendered":"Angela Costa abre a s\u00e9rie de entrevistas Agenda do Futuro do F\u00f3rum de Desenvolvimento do Rio de Janeiro"},"content":{"rendered":"\n<p>O canal do&nbsp;<strong>F\u00f3rum Permanente de Desenvolvimento do Rio&nbsp;<\/strong>deu in\u00edcio \u00e0 s\u00e9rie de entrevistas da&nbsp;<strong>Agenda de Futuro<\/strong>, projeto em que representantes das entidades que comp\u00f5em o \u00f3rg\u00e3o d\u00e3o sugest\u00f5es para a retomada do desenvolvimento fluminense. A primeira entrevistada foi de Angela Costa, Presidente da Associa\u00e7\u00e3o Comercial do Rio de Janeiro (ACRJ), que falou sobre como a institui\u00e7\u00e3o tem atuado para desenhar uma agenda que garanta mais investimentos para o estado.<\/p>\n\n\n\n<p>Na sequ\u00eancia, Luiz Fernando Santos Reis, presidente da Associa\u00e7\u00e3o das Empresas de Engenharia do Rio de Janeiro (Aeerj); Jos\u00e9 Alberto Aranha, presidente da Associa\u00e7\u00e3o Nacional de Entidades Promotoras de Empreendimentos Inovadores (Anprotec); Carlos Henrique Figueiredo Alves, diretor-geral do Cefet-RJ; e J\u00e9sus Mendes da Costa, presidente da Federa\u00e7\u00e3o das Associa\u00e7\u00f5es Comerciais e Empresariais do Estado do Rio (Facerj) tamb\u00e9m abordaram outros temas, como infraestrutura, inova\u00e7\u00e3o e muito mais.<\/p>\n\n\n\n<p>Na entrevista, Angela Costa destaca que a ACRJ representa diversos setores do com\u00e9rcio, da ind\u00fastria e de servi\u00e7os, entre outros, e portanto, se posiciona como interlocutora dos empres\u00e1rios fluminenses junto aos governos federal, estadual e municipais, ainda mais neste momento de chegada dos novos parlamentares. \u201cA Associa\u00e7\u00e3o \u00e9 um polo de ideias. \u00c9 uma casa de 209 anos e que, ao longo desses anos, vem contribuindo muito com os governantes, e n\u00e3o poderia ser diferente nesse momento atual. Ent\u00e3o estamos prontos para dar a nossa colabora\u00e7\u00e3o\u201d, destacou a Presidente.<\/p>\n\n\n\n<p>Assista a entrevista na \u00edntegra&nbsp;<a href=\"https:\/\/www.youtube.com\/watch?v=bFjUnSpaHao&amp;list=PL-gyRv1eYZkA35a8TL6FhuuUyMdtCTAm1&amp;index=3\">aqui<\/a>.&nbsp;<\/p>\n","protected":false},"excerpt":{"rendered":"<p>O canal do&nbsp;F\u00f3rum Permanente de Desenvolvimento do Rio&nbsp;deu in\u00edcio \u00e0 s\u00e9rie de entrevistas da&nbsp;Agenda de Futuro, projeto em que representantes das entidades que comp\u00f5em o&hellip;<\/p>\n","protected":false},"author":1,"featured_media":2552,"comment_status":"closed","ping_status":"open","sticky":false,"template":"","format":"standard","meta":{"_exactmetrics_skip_tracking":false,"_exactmetrics_sitenote_active":false,"_exactmetrics_sitenote_note":"","_exactmetrics_sitenote_category":0,"footnotes":""},"categories":[10],"tags":[],"class_list":["post-2551","post","type-post","status-publish","format-standard","has-post-thumbnail","hentry","category-noticias"],"_links":{"self":[{"href":"https:\/\/acrj.org.br\/index.php\/wp-json\/wp\/v2\/posts\/2551","targetHints":{"allow":["GET"]}}],"collection":[{"href":"https:\/\/acrj.org.br\/index.php\/wp-json\/wp\/v2\/posts"}],"about":[{"href":"https:\/\/acrj.org.br\/index.php\/wp-json\/wp\/v2\/types\/post"}],"author":[{"embeddable":true,"href":"https:\/\/acrj.org.br\/index.php\/wp-json\/wp\/v2\/users\/1"}],"replies":[{"embeddable":true,"href":"https:\/\/acrj.org.br\/index.php\/wp-json\/wp\/v2\/comments?post=2551"}],"version-history":[{"count":0,"href":"https:\/\/acrj.org.br\/index.php\/wp-json\/wp\/v2\/posts\/2551\/revisions"}],"wp:featuredmedia":[{"embeddable":true,"href":"https:\/\/acrj.org.br\/index.php\/wp-json\/wp\/v2\/media\/2552"}],"wp:attachment":[{"href":"https:\/\/acrj.org.br\/index.php\/wp-json\/wp\/v2\/media?parent=2551"}],"wp:term":[{"taxonomy":"category","embeddable":true,"href":"https:\/\/acrj.org.br\/index.php\/wp-json\/wp\/v2\/categories?post=2551"},{"taxonomy":"post_tag","embeddable":true,"href":"https:\/\/acrj.org.br\/index.php\/wp-json\/wp\/v2\/tags?post=2551"}],"curies":[{"name":"wp","href":"https:\/\/api.w.org\/{rel}","templated":true}]}}