{"id":25498,"date":"2024-05-01T09:00:00","date_gmt":"2024-05-01T12:00:00","guid":{"rendered":"https:\/\/acrj.org.br\/?p=25498"},"modified":"2024-11-18T21:56:41","modified_gmt":"2024-11-19T00:56:41","slug":"140-anos-do-primeiro-1o-de-maio","status":"publish","type":"post","link":"https:\/\/acrj.org.br\/index.php\/2024\/05\/01\/140-anos-do-primeiro-1o-de-maio\/","title":{"rendered":"O primeiro de Maio na hist\u00f3ria"},"content":{"rendered":"\n<p>Por Reinaldo Paes Barreto \u2013 membro do Conselho Empresarial de Cultura da ACRJ<\/p>\n\n\n\n<p>Em 1\u00ba de maio de 1886, a Federa\u00e7\u00e3o e o Sindicato de Trabalhadores de Chicago, nos EUA, haviam conseguido que o Estado de Illinois aprovasse uma resolu\u00e7\u00e3o declarando que a partir desse dia e ano, a jornada de trabalho legal seria de oito horas di\u00e1rias, durante os cinco dias \u00fateis da semana (contra as 14h e at\u00e9 16h que at\u00e9 ent\u00e3o os oper\u00e1rios tinham que cumprir a cada dia).<\/p>\n\n\n\n<p>No papel, problema resolvido. Mas na pr\u00e1tica, n\u00e3o.<\/p>\n\n\n\n<p>Os patr\u00f5es n\u00e3o gostaram da medida (nenhuma surpresa) e n\u00e3o a cumpriram. Rea\u00e7\u00e3o: a Federa\u00e7\u00e3o convocou ent\u00e3o a classe oper\u00e1ria para uma greve (*) geral, logo aplaudida e \u201caderida\u201d por duzentos mil trabalhadores na cidade de Chicago. Rea\u00e7\u00e3o \u00e0 rea\u00e7\u00e3o: a pol\u00edcia travou violento choque com os grevistas, causando a morte de muitos deles e prendendo outros tantos. Rea\u00e7\u00e3o \u00e0 rea\u00e7\u00e3o \u00e0 rea\u00e7\u00e3o: a&nbsp; sociedade civil, a imprensa e a opini\u00e3o p\u00fablica em geral reagiu violentamente contra essa viol\u00eancia, e de tal forma, que O Dia do Trabalho passou a ser formalmente comemorado nos Estados Unidos.<\/p>\n\n\n\n<p>S\u00f3 que (sempre tem um \u201cs\u00f3 que\u201d) para respeitar a vers\u00e3o oficial de que aquele primeiro de maio foi de desordem e insubordina\u00e7\u00e3o, a data americana foi transferida para a primeira segunda-feira de setembro. E por diversas raz\u00f5es, o Dia do Trabalho ou do Trabalhador \u00e9 comemorado em outros dias, em outros pa\u00edses. Na Austr\u00e1lia, 4 de mar\u00e7o; na Espanha, 18 de julho, etc.<\/p>\n\n\n\n<p>No Brasil, a data come\u00e7ou a ser festejada desde 1925, mas foi durante a Era Vargas (sobretudo o primeiro ciclo entre 1930-45) que o Primeiro de Maio se tornou o grande dia de medir o popularidade do presidente, que desfilava em carro aberto pelo Est\u00e1dio de S\u00e3o Janu\u00e1rio, acenando sem cessar com a m\u00e3o em concha, enquanto era&nbsp; sonoramente aplaudido de verdade pelos milhares de trabalhadores &#8212; e mais a claque dos pelegos sempre \u201cconvidada\u201d. No fim, no palanque, Get\u00falio deitava fala\u00e7\u00e3o: \u201ctrabaaalhadooores do Brasilll (com o L escandido, como soletram os sulistas).<\/p>\n\n\n\n<p>Al\u00e9m disso, a partir de 1955, quando o Papa Pio XII instituiu a festa de S\u00e3o Jos\u00e9 Oper\u00e1rio em 1\u00ba de maio, a data ganhou um duplo significado para os cat\u00f3licos.<\/p>\n\n\n\n<p>Pois bem: neste maio de 2024 tamb\u00e9m houve o an\u00fancio de isen\u00e7\u00e3o de Imposto de Renda para quem ganha at\u00e9 dois sal\u00e1rios m\u00ednimos, por parte do presidente Lula. Mas num exerc\u00edcio de futurologia, imagino novas profiss\u00f5es a serem contempladas muito em breve: t\u00e9cnico em manejo de drones, curador pessoal de conte\u00fado para m\u00eddias sociais, conselheiro de privacidade digital, terapeuta de desintoxica\u00e7\u00e3o de iphones, por a\u00ed.<\/p>\n\n\n\n<p>E na outra ponta, mas sempre com criatividade, ainda \u00e9 capaz de surgir algum expert em jogos retr\u00f4 para distrair as crian\u00e7as como se fazia h\u00e1 50 anos: pular carni\u00e7a, o jogo da amerelinha, pera-uva-e-ma\u00e7a &#8230;<\/p>\n\n\n\n<p>&nbsp;(*) A palavra \u201cgreve\u201d \u00e9 um sin\u00f4nimo arcaico de sable = areia, em franc\u00eas. E simboliza o \u201ccruzar os bra\u00e7os\u201d porque quando os trabalhadores queriam parar o&nbsp; trabalho para mostrar que estavam insatisfeitos, ou fazer um protesto, se reuniam ali, na \u201c\u00cele de la Cit\u00e9\u201d, no centro de Paris, que era de areia, e os sindicatos informavam: hoje, tal categoria, estar\u00e1 \u201cna greve\u201d e n\u00e3o nas f\u00e1bricas. E, com o passar do tempo passou a ser \u201cem greve\u201d.<\/p>\n\n\n\n<p>Voil\u00e0<\/p>\n\n\n\n<figure class=\"wp-block-image size-large is-resized\"><img fetchpriority=\"high\" decoding=\"async\" width=\"1024\" height=\"683\" src=\"https:\/\/acrj.org.br\/wp-content\/uploads\/2020\/08\/Assuntos-culturais_vice-Reinaldo-Paes-Barreto-1024x683.jpg\" alt=\"\" class=\"wp-image-5005\" style=\"width:265px;height:auto\" srcset=\"https:\/\/acrj.org.br\/wp-content\/uploads\/2020\/08\/Assuntos-culturais_vice-Reinaldo-Paes-Barreto-1024x683.jpg 1024w, https:\/\/acrj.org.br\/wp-content\/uploads\/2020\/08\/Assuntos-culturais_vice-Reinaldo-Paes-Barreto-600x400.jpg 600w, https:\/\/acrj.org.br\/wp-content\/uploads\/2020\/08\/Assuntos-culturais_vice-Reinaldo-Paes-Barreto-300x200.jpg 300w, https:\/\/acrj.org.br\/wp-content\/uploads\/2020\/08\/Assuntos-culturais_vice-Reinaldo-Paes-Barreto-768x512.jpg 768w, https:\/\/acrj.org.br\/wp-content\/uploads\/2020\/08\/Assuntos-culturais_vice-Reinaldo-Paes-Barreto.jpg 1280w\" sizes=\"(max-width: 1024px) 100vw, 1024px\" \/><figcaption class=\"wp-element-caption\">Reinaldo Paes Barreto tamb\u00e9m \u00e9 assessor da diretoria do INPI<\/figcaption><\/figure>\n","protected":false},"excerpt":{"rendered":"<p>Por Reinaldo Paes Barreto, membro do Conselho Empresarial de Cultura da ACRJ.<\/p>\n","protected":false},"author":3,"featured_media":25499,"comment_status":"closed","ping_status":"closed","sticky":false,"template":"","format":"standard","meta":{"_exactmetrics_skip_tracking":false,"_exactmetrics_sitenote_active":false,"_exactmetrics_sitenote_note":"","_exactmetrics_sitenote_category":0,"footnotes":""},"categories":[12],"tags":[],"class_list":["post-25498","post","type-post","status-publish","format-standard","has-post-thumbnail","hentry","category-artigos"],"_links":{"self":[{"href":"https:\/\/acrj.org.br\/index.php\/wp-json\/wp\/v2\/posts\/25498","targetHints":{"allow":["GET"]}}],"collection":[{"href":"https:\/\/acrj.org.br\/index.php\/wp-json\/wp\/v2\/posts"}],"about":[{"href":"https:\/\/acrj.org.br\/index.php\/wp-json\/wp\/v2\/types\/post"}],"author":[{"embeddable":true,"href":"https:\/\/acrj.org.br\/index.php\/wp-json\/wp\/v2\/users\/3"}],"replies":[{"embeddable":true,"href":"https:\/\/acrj.org.br\/index.php\/wp-json\/wp\/v2\/comments?post=25498"}],"version-history":[{"count":0,"href":"https:\/\/acrj.org.br\/index.php\/wp-json\/wp\/v2\/posts\/25498\/revisions"}],"wp:featuredmedia":[{"embeddable":true,"href":"https:\/\/acrj.org.br\/index.php\/wp-json\/wp\/v2\/media\/25499"}],"wp:attachment":[{"href":"https:\/\/acrj.org.br\/index.php\/wp-json\/wp\/v2\/media?parent=25498"}],"wp:term":[{"taxonomy":"category","embeddable":true,"href":"https:\/\/acrj.org.br\/index.php\/wp-json\/wp\/v2\/categories?post=25498"},{"taxonomy":"post_tag","embeddable":true,"href":"https:\/\/acrj.org.br\/index.php\/wp-json\/wp\/v2\/tags?post=25498"}],"curies":[{"name":"wp","href":"https:\/\/api.w.org\/{rel}","templated":true}]}}