{"id":2549,"date":"2018-11-08T19:18:00","date_gmt":"2018-11-08T21:18:00","guid":{"rendered":"http:\/\/acrj2020.profissional.ws\/?p=2549"},"modified":"2020-02-29T21:20:48","modified_gmt":"2020-03-01T00:20:48","slug":"reforma-trabalhista-completa-1-ano","status":"publish","type":"post","link":"https:\/\/acrj.org.br\/index.php\/2018\/11\/08\/reforma-trabalhista-completa-1-ano\/","title":{"rendered":"Reforma trabalhista completa 1 ano"},"content":{"rendered":"\n<p>A Reforma Trabalhista completa um ano de sua vig\u00eancia. O balan\u00e7o geral n\u00e3o soa como o esperado pelos setores produtivos, mas ainda h\u00e1 esperan\u00e7a de melhoras no rumo da economia.<\/p>\n\n\n\n<p>Na \u00e9poca da san\u00e7\u00e3o da reforma das normas do trabalho, o Brasil era respons\u00e1vel por 98% das a\u00e7\u00f5es trabalhistas do planeta, sendo que tem apenas 3% de sua popula\u00e7\u00e3o.<\/p>\n\n\n\n<p>Hoje, j\u00e1 se reduziu 38% a quantidade de processos na Justi\u00e7a do Trabalho com rela\u00e7\u00e3o ao ano passado, de acordo com dados do TST. Tal situa\u00e7\u00e3o se d\u00e1 por conta da nova regra da condena\u00e7\u00e3o em sucumb\u00eancia. Anteriormente, o empregado n\u00e3o sofria com o pagamento de custas e honor\u00e1rios no caso de vencido no processo, o que n\u00e3o mais ocorre. Isso evita a utiliza\u00e7\u00e3o indevida e desnecess\u00e1ria do Poder Judici\u00e1rio, melhorando a efici\u00eancia do \u00f3rg\u00e3o para aqueles que possuem raz\u00e3o no caso.<\/p>\n\n\n\n<p>Com rela\u00e7\u00e3o \u00e0 gera\u00e7\u00e3o de empregos, realmente deixou a desejar. Contudo, outras circunst\u00e2ncias tamb\u00e9m devem ser levadas em conta. A flexibiliza\u00e7\u00e3o da lei e a redu\u00e7\u00e3o dos custos das empregas n\u00e3o \u00e9 o \u00fanico fator para a gera\u00e7\u00e3o de novos empregos. Como se sabe, a economia do pa\u00eds se encontra fragilizada e o per\u00edodo foi cr\u00edtico para os investimentos.<\/p>\n\n\n\n<p>Dada a import\u00e2ncia do tema, no dia 9 de novembro, sexta-feira, a Associa\u00e7\u00e3o Comercial do Rio de Janeiro realizar\u00e1 um semin\u00e1rio com foco no primeiro ano da Reforma Trabalhista. A ideia \u00e9 fazer um balan\u00e7o do per\u00edodo e apresentar os avan\u00e7os legais para a classe empresarial, al\u00e9m de propor novas possibilidades, como a terceiriza\u00e7\u00e3o de qualquer atividade laboral, j\u00e1 aprovada no Supremo Tribunal Federal.<\/p>\n\n\n\n<p class=\"has-text-align-right has-medium-font-size\"><strong>Daniel Homem de Carvalho<\/strong><br> Vice-Presidente Jur\u00eddico da Associa\u00e7\u00e3o Comercial do Rio de Janeiro <br>S\u00f3cio do Lins, Homem de Carvalho &amp; Pizzolante Advogados  <\/p>\n\n\n\n<p class=\"has-text-align-right has-medium-font-size\"><strong>Guilherme Chambarelli<\/strong><br> Advogado da Associa\u00e7\u00e3o Comercial do Rio de Janeiro <\/p>\n","protected":false},"excerpt":{"rendered":"<p>A Reforma Trabalhista completa um ano de sua vig\u00eancia. O balan\u00e7o geral n\u00e3o soa como o esperado pelos setores produtivos, mas ainda h\u00e1 esperan\u00e7a de&hellip;<\/p>\n","protected":false},"author":1,"featured_media":2331,"comment_status":"closed","ping_status":"open","sticky":false,"template":"","format":"standard","meta":{"_exactmetrics_skip_tracking":false,"_exactmetrics_sitenote_active":false,"_exactmetrics_sitenote_note":"","_exactmetrics_sitenote_category":0,"footnotes":""},"categories":[10],"tags":[],"class_list":["post-2549","post","type-post","status-publish","format-standard","has-post-thumbnail","hentry","category-noticias"],"_links":{"self":[{"href":"https:\/\/acrj.org.br\/index.php\/wp-json\/wp\/v2\/posts\/2549","targetHints":{"allow":["GET"]}}],"collection":[{"href":"https:\/\/acrj.org.br\/index.php\/wp-json\/wp\/v2\/posts"}],"about":[{"href":"https:\/\/acrj.org.br\/index.php\/wp-json\/wp\/v2\/types\/post"}],"author":[{"embeddable":true,"href":"https:\/\/acrj.org.br\/index.php\/wp-json\/wp\/v2\/users\/1"}],"replies":[{"embeddable":true,"href":"https:\/\/acrj.org.br\/index.php\/wp-json\/wp\/v2\/comments?post=2549"}],"version-history":[{"count":0,"href":"https:\/\/acrj.org.br\/index.php\/wp-json\/wp\/v2\/posts\/2549\/revisions"}],"wp:featuredmedia":[{"embeddable":true,"href":"https:\/\/acrj.org.br\/index.php\/wp-json\/wp\/v2\/media\/2331"}],"wp:attachment":[{"href":"https:\/\/acrj.org.br\/index.php\/wp-json\/wp\/v2\/media?parent=2549"}],"wp:term":[{"taxonomy":"category","embeddable":true,"href":"https:\/\/acrj.org.br\/index.php\/wp-json\/wp\/v2\/categories?post=2549"},{"taxonomy":"post_tag","embeddable":true,"href":"https:\/\/acrj.org.br\/index.php\/wp-json\/wp\/v2\/tags?post=2549"}],"curies":[{"name":"wp","href":"https:\/\/api.w.org\/{rel}","templated":true}]}}