{"id":25484,"date":"2024-04-30T13:04:31","date_gmt":"2024-04-30T16:04:31","guid":{"rendered":"https:\/\/acrj.org.br\/?p=25484"},"modified":"2024-05-06T11:07:51","modified_gmt":"2024-05-06T14:07:51","slug":"ja-estabeleceu-sua-estrategia-para-as-vendas-pelo-dia-das-maes","status":"publish","type":"post","link":"https:\/\/acrj.org.br\/index.php\/2024\/04\/30\/ja-estabeleceu-sua-estrategia-para-as-vendas-pelo-dia-das-maes\/","title":{"rendered":"J\u00e1 estabeleceu sua estrat\u00e9gia para as vendas pelo Dia das M\u00e3es?"},"content":{"rendered":"\n<p>Por Juedir Teixeira &#8211; presidente do Conselho Empresarial de Varejo da ACRJ<\/p>\n\n\n\n<p>O Dia das M\u00e3es, tamb\u00e9m designado de Dia da M\u00e3e tem sua origem no princ\u00edpio do s\u00e9culo XX, quando uma jovem norte-americana, Anna Jarvis, perdeu sua m\u00e3e e entrou em completa depress\u00e3o. Preocupadas com aquele sofrimento, algumas amigas tiveram a ideia de perpetuar a mem\u00f3ria da m\u00e3e de Annie com uma festa, sendo a homenagem fosse estendida a todas as m\u00e3es. Em pouco tempo, a comemora\u00e7\u00e3o, e consequentemente o Dia das M\u00e3es, se alastrou por todos os Estados Unidos e, em 1914, sua data foi oficializada pelo presidente Woodrow Wilson: dia 9 de maio.<\/p>\n\n\n\n<p>A mais antiga comemora\u00e7\u00e3o do Dia das M\u00e3es \u00e9 mitol\u00f3gica. Na Gr\u00e9cia antiga, a entrada da primavera era festejada em honra de Reia, a M\u00e3e dos deuses. O pr\u00f3ximo registro est\u00e1 no in\u00edcio do s\u00e9culo XVII, quando a Inglaterra come\u00e7ou a dedicar o quarto domingo da Quaresma \u00e0s m\u00e3es das oper\u00e1rias inglesas. Nesse dia, as trabalhadoras tinham folga para ficar em casa com as m\u00e3es. Era chamado de \u201cMothering Day\u201d, fato que deu origem ao \u201cmothering cake\u201d, um bolo para as m\u00e3es que tornaria o dia ainda mais festivo.<\/p>\n\n\n\n<p>No Brasil, em 1932, o ent\u00e3o presidente Get\u00falio Vargas oficializou a data no segundo domingo de maio. Em 1947, Dom Jaime de Barros C\u00e2mara Cardeal-Arcebispo do Rio de Janeiro, determinou que essa data fizesse parte tamb\u00e9m no calend\u00e1rio oficial da Igreja Cat\u00f3lica.<\/p>\n\n\n\n<p>Atualmente o Dia das M\u00e3es \u00e9 a segunda data mais importante em termos de oportunidade de venda para o varejo em geral, perdendo apenas para o Natal.<\/p>\n\n\n\n<p>E voc\u00ea j\u00e1 estabeleceu as suas estrat\u00e9gias para aproveitar esta \u00f3tima chance de vender mais?<\/p>\n\n\n\n<p>As a\u00e7\u00f5es a seguir mencionadas, se adotadas com a devida anteced\u00eancia, poder\u00e3o melhorar o resultado do seu neg\u00f3cio:<\/p>\n\n\n\n<p>\uf0a7 Preparar um mix de produtos com ofertas especiais, com montagem de kit e outros atrativos para chamar a aten\u00e7\u00e3o de seus clientes e conquistar novos consumidores;<\/p>\n\n\n\n<p>\uf0a7 Elaborar uma vitrine atrativa e vendedora, com as principais ofertas oferecidas, para chamar a aten\u00e7\u00e3o do p\u00fablico passante;<\/p>\n\n\n\n<p>\uf0a7 Fazer um trabalho nas m\u00eddias sociais com a devida anteced\u00eancia, comunicando aos seus clientes as principais ofertas da loja a sua disposi\u00e7\u00e3o;<\/p>\n\n\n\n<p>\uf0a7 Preparar a sua equipe de venda com as melhores pr\u00e1ticas de abordagem, sondagem, demonstra\u00e7\u00e3o e fechamento de venda, para n\u00e3o perder nenhuma oportunidade de transformar passante em comprador;<\/p>\n\n\n\n<p>\uf0a7 Se a sua equipe der um show de encantamento, esta ser\u00e1 uma grande oportunidade para fidelizar os seus clientes, inclusive os novos, aumentando a sua carteira de clientes satisfeitos;<\/p>\n\n\n\n<p>\uf0a7 Pesquisar os principais concorrentes para identificar as ofertas por eles oferecidas e contra-atacar com alternativas de maior atratividade;<\/p>\n\n\n\n<p>\uf0a7 Cadastrar os novos clientes para que possam ser realizadas a\u00e7\u00f5es de p\u00f3s-venda, para torn\u00e1-los clientes cativos da sua marca;<\/p>\n\n\n\n<p>\uf0a7 Ap\u00f3s a data, avaliar os resultados obtidos, comparando com anos anteriores e anotar o que deu certo e que n\u00e3o foi t\u00e3o bem, para que possa ser corrigido no ano seguinte ou em outros eventos da mesma natureza.<\/p>\n\n\n\n<p>Agindo desta forma, voc\u00ea far\u00e1 o que se chama no mundo corporativo, notadamente nas grandes empresas, de gest\u00e3o do conhecimento. As a\u00e7\u00f5es propostas certamente aumentar\u00e3o as vendas da sua loja nessa data comemorativa e poder\u00e3o aumentar as vendas nos meses subsequentes, com o aumento da sua base de clientes.<\/p>\n\n\n\n<figure class=\"wp-block-image size-full is-resized\"><img fetchpriority=\"high\" decoding=\"async\" width=\"688\" height=\"688\" src=\"https:\/\/acrj.org.br\/wp-content\/uploads\/2023\/09\/JUEDIR-TEIXEIRA.png\" alt=\"\" class=\"wp-image-18991\" style=\"width:211px;height:auto\" srcset=\"https:\/\/acrj.org.br\/wp-content\/uploads\/2023\/09\/JUEDIR-TEIXEIRA.png 688w, https:\/\/acrj.org.br\/wp-content\/uploads\/2023\/09\/JUEDIR-TEIXEIRA-300x300.png 300w, https:\/\/acrj.org.br\/wp-content\/uploads\/2023\/09\/JUEDIR-TEIXEIRA-100x100.png 100w, https:\/\/acrj.org.br\/wp-content\/uploads\/2023\/09\/JUEDIR-TEIXEIRA-600x600.png 600w, https:\/\/acrj.org.br\/wp-content\/uploads\/2023\/09\/JUEDIR-TEIXEIRA-150x150.png 150w, https:\/\/acrj.org.br\/wp-content\/uploads\/2023\/09\/elementor\/thumbs\/JUEDIR-TEIXEIRA-150x150.png 800w\" sizes=\"(max-width: 688px) 100vw, 688px\" \/><figcaption class=\"wp-element-caption\">Juedir Teixeira<\/figcaption><\/figure>\n","protected":false},"excerpt":{"rendered":"<p>Por Juedir Teixeira &#8211; presidente do Conselho Empresarial de Varejo da ACRJ<\/p>\n","protected":false},"author":3,"featured_media":25485,"comment_status":"closed","ping_status":"closed","sticky":false,"template":"","format":"standard","meta":{"_exactmetrics_skip_tracking":false,"_exactmetrics_sitenote_active":false,"_exactmetrics_sitenote_note":"","_exactmetrics_sitenote_category":0,"footnotes":""},"categories":[12,82,48],"tags":[],"class_list":["post-25484","post","type-post","status-publish","format-standard","has-post-thumbnail","hentry","category-artigos","category-destaque_artigos","category-varejo-artigos"],"_links":{"self":[{"href":"https:\/\/acrj.org.br\/index.php\/wp-json\/wp\/v2\/posts\/25484","targetHints":{"allow":["GET"]}}],"collection":[{"href":"https:\/\/acrj.org.br\/index.php\/wp-json\/wp\/v2\/posts"}],"about":[{"href":"https:\/\/acrj.org.br\/index.php\/wp-json\/wp\/v2\/types\/post"}],"author":[{"embeddable":true,"href":"https:\/\/acrj.org.br\/index.php\/wp-json\/wp\/v2\/users\/3"}],"replies":[{"embeddable":true,"href":"https:\/\/acrj.org.br\/index.php\/wp-json\/wp\/v2\/comments?post=25484"}],"version-history":[{"count":0,"href":"https:\/\/acrj.org.br\/index.php\/wp-json\/wp\/v2\/posts\/25484\/revisions"}],"wp:featuredmedia":[{"embeddable":true,"href":"https:\/\/acrj.org.br\/index.php\/wp-json\/wp\/v2\/media\/25485"}],"wp:attachment":[{"href":"https:\/\/acrj.org.br\/index.php\/wp-json\/wp\/v2\/media?parent=25484"}],"wp:term":[{"taxonomy":"category","embeddable":true,"href":"https:\/\/acrj.org.br\/index.php\/wp-json\/wp\/v2\/categories?post=25484"},{"taxonomy":"post_tag","embeddable":true,"href":"https:\/\/acrj.org.br\/index.php\/wp-json\/wp\/v2\/tags?post=25484"}],"curies":[{"name":"wp","href":"https:\/\/api.w.org\/{rel}","templated":true}]}}