{"id":2536,"date":"2018-11-13T21:09:00","date_gmt":"2018-11-13T23:09:00","guid":{"rendered":"http:\/\/acrj2020.profissional.ws\/?p=2536"},"modified":"2020-02-29T21:10:22","modified_gmt":"2020-03-01T00:10:22","slug":"acrj-presente-em-evento-do-consulado-da-belgica","status":"publish","type":"post","link":"https:\/\/acrj.org.br\/index.php\/2018\/11\/13\/acrj-presente-em-evento-do-consulado-da-belgica\/","title":{"rendered":"ACRJ PRESENTE EM EVENTO DO CONSULADO DA B\u00c9LGICA"},"content":{"rendered":"\n<p> No dia 12 de novembro, a Presidente da ACRJ, Angela Costa, e a Vice-Presidente, Maria Luiza Nobre, marcaram presen\u00e7a em evento comemorativo do anivers\u00e1rio do Rei Filipe da B\u00e9lgica, data nacional do pa\u00eds, realizado\u00a0na resid\u00eancia oficial do C\u00f4nsul no bairro da Lagoa.\u00a0Na foto, Maria Luiza Nobre, Vice Presidente da ACRJ, o C\u00f4nsul Geral da B\u00e9lgica Jean-Paul Charlier e Angela Costa, Presidente da ACRJ. <\/p>\n","protected":false},"excerpt":{"rendered":"<p>No dia 12 de novembro, a Presidente da ACRJ, Angela Costa, e a Vice-Presidente, Maria Luiza Nobre, marcaram presen\u00e7a em evento comemorativo do anivers\u00e1rio do&hellip;<\/p>\n","protected":false},"author":1,"featured_media":2537,"comment_status":"closed","ping_status":"open","sticky":false,"template":"","format":"standard","meta":{"_exactmetrics_skip_tracking":false,"_exactmetrics_sitenote_active":false,"_exactmetrics_sitenote_note":"","_exactmetrics_sitenote_category":0,"footnotes":""},"categories":[10],"tags":[],"class_list":["post-2536","post","type-post","status-publish","format-standard","has-post-thumbnail","hentry","category-noticias"],"_links":{"self":[{"href":"https:\/\/acrj.org.br\/index.php\/wp-json\/wp\/v2\/posts\/2536","targetHints":{"allow":["GET"]}}],"collection":[{"href":"https:\/\/acrj.org.br\/index.php\/wp-json\/wp\/v2\/posts"}],"about":[{"href":"https:\/\/acrj.org.br\/index.php\/wp-json\/wp\/v2\/types\/post"}],"author":[{"embeddable":true,"href":"https:\/\/acrj.org.br\/index.php\/wp-json\/wp\/v2\/users\/1"}],"replies":[{"embeddable":true,"href":"https:\/\/acrj.org.br\/index.php\/wp-json\/wp\/v2\/comments?post=2536"}],"version-history":[{"count":0,"href":"https:\/\/acrj.org.br\/index.php\/wp-json\/wp\/v2\/posts\/2536\/revisions"}],"wp:featuredmedia":[{"embeddable":true,"href":"https:\/\/acrj.org.br\/index.php\/wp-json\/wp\/v2\/media\/2537"}],"wp:attachment":[{"href":"https:\/\/acrj.org.br\/index.php\/wp-json\/wp\/v2\/media?parent=2536"}],"wp:term":[{"taxonomy":"category","embeddable":true,"href":"https:\/\/acrj.org.br\/index.php\/wp-json\/wp\/v2\/categories?post=2536"},{"taxonomy":"post_tag","embeddable":true,"href":"https:\/\/acrj.org.br\/index.php\/wp-json\/wp\/v2\/tags?post=2536"}],"curies":[{"name":"wp","href":"https:\/\/api.w.org\/{rel}","templated":true}]}}