{"id":2530,"date":"2018-11-14T21:05:00","date_gmt":"2018-11-14T23:05:00","guid":{"rendered":"http:\/\/acrj2020.profissional.ws\/?p=2530"},"modified":"2020-02-29T21:07:20","modified_gmt":"2020-03-01T00:07:20","slug":"receita-federal-vai-divulgar-mensalmente-lista-de-quem-entender-que-cometeu-crime","status":"publish","type":"post","link":"https:\/\/acrj.org.br\/index.php\/2018\/11\/14\/receita-federal-vai-divulgar-mensalmente-lista-de-quem-entender-que-cometeu-crime\/","title":{"rendered":"Receita Federal vai divulgar mensalmente lista de quem entender que cometeu crime"},"content":{"rendered":"\n<p>A Receita Federal do Brasil (RFB) vai apertar o cerco contra quem praticar crimes tribut\u00e1rios, inclusive o de deixar de repassar, ou reduzir o valor, da contribui\u00e7\u00e3o previdenci\u00e1ria, sonega\u00e7\u00e3o, contrabando, falsidade de t\u00edtulos e documentos p\u00fablicos, lavagem de dinheiro, oculta\u00e7\u00e3o de bens, direitos e valores e contra os pr\u00f3prios servidores p\u00fablicos que praticarem atos de improbidade administrativa. O \u00f3rg\u00e3o publicou no Di\u00e1rio Oficial da Uni\u00e3o de hoje, 14\/11, a&nbsp;<a href=\"http:\/\/normas.receita.fazenda.gov.br\/sijut2consulta\/link.action?visao=anotado&amp;idAto=96434\" target=\"_blank\" rel=\"noreferrer noopener\">Portaria RFB n\u00ba 1.750, de 2018<\/a>, cujo objetivo maior \u00e9 informar que publicar\u00e1 em seu s\u00edtio na Internet os casos enviados ao Minist\u00e9rio P\u00fablico para a apura\u00e7\u00e3o desses crimes. A outra novidade \u00e9 a representa\u00e7\u00e3o (pedido de investiga\u00e7\u00e3o) quando o crime for de improbidade, dos pr\u00f3prios funcion\u00e1rios p\u00fablicos. Nessa situa\u00e7\u00e3o os auditores fiscais devem encaminhar a representa\u00e7\u00e3o ao Minist\u00e9rio P\u00fablico Federal ou Estadual, a depender da situa\u00e7\u00e3o, e ainda ao Tribunal de Contas.<\/p>\n\n\n\n<p>Segundo informa a Receita em seu s\u00edtio na Internet: \u201cTrata-se da afirma\u00e7\u00e3o da transpar\u00eancia fiscal. As informa\u00e7\u00f5es ser\u00e3o apuradas mensalmente e inclu\u00eddas em lista a ser divulgada at\u00e9 o dia 10 do m\u00eas posterior ao de sua extra\u00e7\u00e3o. A informa\u00e7\u00e3o ser\u00e1 exclu\u00edda com a extin\u00e7\u00e3o integral do cr\u00e9dito tribut\u00e1rio, se a pessoa deixar de ser considerada respons\u00e1vel pelo fato que configuraria o il\u00edcito ou por determina\u00e7\u00e3o judicial\u201d.<\/p>\n\n\n\n<p><br><strong>O que \u00e9 uma representa\u00e7\u00e3o?<\/strong><\/p>\n\n\n\n<p>\u00c9 toda not\u00edcia de irregularidade levada ao conhecimento do Minist\u00e9rio P\u00fablico. Qualquer cidad\u00e3o pode representar ao MPF, podendo faz\u00ea-lo por escrito ou prestando depoimento pessoal na pr\u00f3pria Procuradoria. Tamb\u00e9m as pessoas jur\u00eddicas, entidades privadas, entidades de classe, associa\u00e7\u00f5es civis e \u00f3rg\u00e3os da administra\u00e7\u00e3o p\u00fablica podem comunicar irregularidades para que o Minist\u00e9rio P\u00fablico as investigue.<\/p>\n\n\n\n<p class=\"has-text-align-right has-medium-font-size\"> <strong>Cheryl Berno <\/strong><\/p>\n\n\n\n<p><br><strong>Fontes e mais informa\u00e7\u00f5es:<\/strong><\/p>\n\n\n\n<p><a href=\"http:\/\/www.receita.fazenda.gov.br\/\" target=\"_blank\" rel=\"noreferrer noopener\">www.receita.fazenda.gov.br<\/a><\/p>\n\n\n\n<p><a href=\"http:\/\/www.mpf.mp.br\/rj\" target=\"_blank\" rel=\"noreferrer noopener\">www.mpf.mp.br\/rj<\/a><\/p>\n\n\n\n<p><a href=\"http:\/\/normas.receita.fazenda.gov.br\/sijut2consulta\/link.action?visao=anotado&amp;idAto=96434\">http:\/\/normas.receita.fazenda.gov.br\/sijut2consulta\/link.action?visao=anotado&amp;idAto=96434<\/a><\/p>\n","protected":false},"excerpt":{"rendered":"<p>A Receita Federal do Brasil (RFB) vai apertar o cerco contra quem praticar crimes tribut\u00e1rios, inclusive o de deixar de repassar, ou reduzir o valor,&hellip;<\/p>\n","protected":false},"author":1,"featured_media":2233,"comment_status":"closed","ping_status":"open","sticky":false,"template":"","format":"standard","meta":{"_exactmetrics_skip_tracking":false,"_exactmetrics_sitenote_active":false,"_exactmetrics_sitenote_note":"","_exactmetrics_sitenote_category":0,"footnotes":""},"categories":[10],"tags":[],"class_list":["post-2530","post","type-post","status-publish","format-standard","has-post-thumbnail","hentry","category-noticias"],"_links":{"self":[{"href":"https:\/\/acrj.org.br\/index.php\/wp-json\/wp\/v2\/posts\/2530","targetHints":{"allow":["GET"]}}],"collection":[{"href":"https:\/\/acrj.org.br\/index.php\/wp-json\/wp\/v2\/posts"}],"about":[{"href":"https:\/\/acrj.org.br\/index.php\/wp-json\/wp\/v2\/types\/post"}],"author":[{"embeddable":true,"href":"https:\/\/acrj.org.br\/index.php\/wp-json\/wp\/v2\/users\/1"}],"replies":[{"embeddable":true,"href":"https:\/\/acrj.org.br\/index.php\/wp-json\/wp\/v2\/comments?post=2530"}],"version-history":[{"count":0,"href":"https:\/\/acrj.org.br\/index.php\/wp-json\/wp\/v2\/posts\/2530\/revisions"}],"wp:featuredmedia":[{"embeddable":true,"href":"https:\/\/acrj.org.br\/index.php\/wp-json\/wp\/v2\/media\/2233"}],"wp:attachment":[{"href":"https:\/\/acrj.org.br\/index.php\/wp-json\/wp\/v2\/media?parent=2530"}],"wp:term":[{"taxonomy":"category","embeddable":true,"href":"https:\/\/acrj.org.br\/index.php\/wp-json\/wp\/v2\/categories?post=2530"},{"taxonomy":"post_tag","embeddable":true,"href":"https:\/\/acrj.org.br\/index.php\/wp-json\/wp\/v2\/tags?post=2530"}],"curies":[{"name":"wp","href":"https:\/\/api.w.org\/{rel}","templated":true}]}}