{"id":2520,"date":"2018-11-23T20:00:00","date_gmt":"2018-11-23T22:00:00","guid":{"rendered":"http:\/\/acrj2020.profissional.ws\/?p=2520"},"modified":"2020-02-29T21:01:55","modified_gmt":"2020-03-01T00:01:55","slug":"acrj-homenageia-fab-pelo-dia-do-aviador","status":"publish","type":"post","link":"https:\/\/acrj.org.br\/index.php\/2018\/11\/23\/acrj-homenageia-fab-pelo-dia-do-aviador\/","title":{"rendered":"ACRJ homenageia FAB pelo Dia do Aviador"},"content":{"rendered":"\n<p>A Associa\u00e7\u00e3o Comercial do Rio de Janeiro (ACRJ) recebeu nesta sexta-feira (23) representantes da For\u00e7a A\u00e9rea Brasileira&nbsp;(FAB)&nbsp;para prestar homenagem pelo Dia do Aviador, que foi comemorado no dia 23 de outubro.&nbsp;<\/p>\n\n\n\n<p>Recebidos pela presidente da Associa\u00e7\u00e3o, Angela Costa, e membros dos Conselhos Empresariais, representantes da aeron\u00e1utica, marinha e sociedade civil acompanharam a entrega&nbsp;da placa de homenagem ao Major Brigadeiro do Ar, Mauro Martins, que retribuiu a condecora\u00e7\u00e3o com outra placa de agradecimento&nbsp;\u00e0 ACRJ.<\/p>\n\n\n\n<p>Em seguida, o Brigadeiro do Ar, Ary Rodrigues&nbsp;Bertolino, palestrou sobre a atua\u00e7\u00e3o&nbsp;da FAB no pa\u00eds e na Am\u00e9rica Latina,&nbsp;a&nbsp;infraestrutura&nbsp;da aeron\u00e1utica brasileira&nbsp;e as perspectivas&nbsp;para os pr\u00f3ximos anos.<\/p>\n\n\n\n<p>Estiveram ainda presentes o Major Brigadeiro do Ar, Le\u00f4nidas de Ara\u00fajo Medeiros Junior, o Brigadeiro M\u00e9dico Walter&nbsp;Kischinhevsky, e o Brigadeiro do Ar, Mozart de Oliveira Farias.<\/p>\n","protected":false},"excerpt":{"rendered":"<p>A Associa\u00e7\u00e3o Comercial do Rio de Janeiro (ACRJ) recebeu nesta sexta-feira (23) representantes da For\u00e7a A\u00e9rea Brasileira&nbsp;(FAB)&nbsp;para prestar homenagem pelo Dia do Aviador, que foi&hellip;<\/p>\n","protected":false},"author":1,"featured_media":2521,"comment_status":"closed","ping_status":"open","sticky":false,"template":"","format":"standard","meta":{"_exactmetrics_skip_tracking":false,"_exactmetrics_sitenote_active":false,"_exactmetrics_sitenote_note":"","_exactmetrics_sitenote_category":0,"footnotes":""},"categories":[10],"tags":[],"class_list":["post-2520","post","type-post","status-publish","format-standard","has-post-thumbnail","hentry","category-noticias"],"_links":{"self":[{"href":"https:\/\/acrj.org.br\/index.php\/wp-json\/wp\/v2\/posts\/2520","targetHints":{"allow":["GET"]}}],"collection":[{"href":"https:\/\/acrj.org.br\/index.php\/wp-json\/wp\/v2\/posts"}],"about":[{"href":"https:\/\/acrj.org.br\/index.php\/wp-json\/wp\/v2\/types\/post"}],"author":[{"embeddable":true,"href":"https:\/\/acrj.org.br\/index.php\/wp-json\/wp\/v2\/users\/1"}],"replies":[{"embeddable":true,"href":"https:\/\/acrj.org.br\/index.php\/wp-json\/wp\/v2\/comments?post=2520"}],"version-history":[{"count":0,"href":"https:\/\/acrj.org.br\/index.php\/wp-json\/wp\/v2\/posts\/2520\/revisions"}],"wp:featuredmedia":[{"embeddable":true,"href":"https:\/\/acrj.org.br\/index.php\/wp-json\/wp\/v2\/media\/2521"}],"wp:attachment":[{"href":"https:\/\/acrj.org.br\/index.php\/wp-json\/wp\/v2\/media?parent=2520"}],"wp:term":[{"taxonomy":"category","embeddable":true,"href":"https:\/\/acrj.org.br\/index.php\/wp-json\/wp\/v2\/categories?post=2520"},{"taxonomy":"post_tag","embeddable":true,"href":"https:\/\/acrj.org.br\/index.php\/wp-json\/wp\/v2\/tags?post=2520"}],"curies":[{"name":"wp","href":"https:\/\/api.w.org\/{rel}","templated":true}]}}