{"id":2506,"date":"2018-11-29T20:49:05","date_gmt":"2018-11-29T22:49:05","guid":{"rendered":"http:\/\/acrj2020.profissional.ws\/?p=2506"},"modified":"2020-02-29T20:50:00","modified_gmt":"2020-02-29T23:50:00","slug":"academia-nacional-de-economia-homenageia-presidente-da-acrj-com-titulo-de-personalidade-do-ano","status":"publish","type":"post","link":"https:\/\/acrj.org.br\/index.php\/2018\/11\/29\/academia-nacional-de-economia-homenageia-presidente-da-acrj-com-titulo-de-personalidade-do-ano\/","title":{"rendered":"Academia Nacional de Economia homenageia Presidente da ACRJ com T\u00edtulo de Personalidade do Ano"},"content":{"rendered":"\n<p>A presidente da Associa\u00e7\u00e3o Comercial do Rio de Janeiro (ACRJ), Angela Costa, recebeu pr\u00eamio, nesta quinta-feira, 29 de novembro, de Personalidade do Ano pela Academia Nacional de Economia (ANE). A solenidade aconteceu na Casa do Empres\u00e1rio, sede da ACRJ, no Centro do Rio e contou com a presen\u00e7a do presidente da ANE, Arlindo Pereira da Silva.<\/p>\n\n\n\n<p>\u201cEste \u00e9 realmente um momento muito especial, um epis\u00f3dio marcante na minha caminhada de realiza\u00e7\u00e3o profissional e pessoal. Hoje, mais uma vez, concluo que valeu a pena me dedicar \u00e0s causas da sociedade e do empresariado brasileiro. Ser agraciada com este t\u00edtulo me enche de orgulho. N\u00e3o s\u00f3 por mim particularmente, mas por todas as mulheres e homens empres\u00e1rios que contribuem com o desenvolvimento da nossa sociedade. \u00c9 ao setor produtivo deste pa\u00eds que dedico este reconhecimento\u201d, afirmou Angela.<\/p>\n\n\n\n<p>A executiva aproveitou o evento para afirmar que, como atual presidente da ACRJ, mantem entre seus prop\u00f3sitos a uni\u00e3o de for\u00e7as entre os representantes das Ci\u00eancias Econ\u00f4micas, Pol\u00edticas e sociais e os representantes do empreendedorismo no com\u00e9rcio e na ind\u00fastria, sempre em busca de solu\u00e7\u00f5es para o Brasil.<\/p>\n\n\n\n<p>Estiveram ainda presentes na mesa diretora a Vice-Presidente Executiva da ANE, Vit\u00f3ria Maria da Silva; o Presidente do Conselho Supremo da ANE, Luiz Augusto Cavalcante Moniz de Arag\u00e3o; o ex-Presidente e Vice-Presidente Executivo Jur\u00eddico da ANE, Paulo Freitas Barata; o Vice-Presidente Executivo Primeiro Secret\u00e1rio, Sady&nbsp; Monteiro Junior; a Vice-Presidente Executiva Segunda Secret\u00e1ria, Paula Alexandra Canas de Paiva Nazareth; o Vice-Presidente Executivo de Desenvolvimento Estrat\u00e9gico, Jo\u00e3o Alexandre Fonseca de Oliveira; o Vice-Presidente Coordenador de Assuntos Internacionais da ACRJ, Marco Polo Moreira Leite; e os Acad\u00eamicos Mary Elbe Queiroz, Janir Adir Moreira&nbsp;e Wladymir Soares De Brito.<\/p>\n","protected":false},"excerpt":{"rendered":"<p>A presidente da Associa\u00e7\u00e3o Comercial do Rio de Janeiro (ACRJ), Angela Costa, recebeu pr\u00eamio, nesta quinta-feira, 29 de novembro, de Personalidade do Ano pela Academia&hellip;<\/p>\n","protected":false},"author":1,"featured_media":2507,"comment_status":"closed","ping_status":"open","sticky":false,"template":"","format":"standard","meta":{"_exactmetrics_skip_tracking":false,"_exactmetrics_sitenote_active":false,"_exactmetrics_sitenote_note":"","_exactmetrics_sitenote_category":0,"footnotes":""},"categories":[10],"tags":[],"class_list":["post-2506","post","type-post","status-publish","format-standard","has-post-thumbnail","hentry","category-noticias"],"_links":{"self":[{"href":"https:\/\/acrj.org.br\/index.php\/wp-json\/wp\/v2\/posts\/2506","targetHints":{"allow":["GET"]}}],"collection":[{"href":"https:\/\/acrj.org.br\/index.php\/wp-json\/wp\/v2\/posts"}],"about":[{"href":"https:\/\/acrj.org.br\/index.php\/wp-json\/wp\/v2\/types\/post"}],"author":[{"embeddable":true,"href":"https:\/\/acrj.org.br\/index.php\/wp-json\/wp\/v2\/users\/1"}],"replies":[{"embeddable":true,"href":"https:\/\/acrj.org.br\/index.php\/wp-json\/wp\/v2\/comments?post=2506"}],"version-history":[{"count":0,"href":"https:\/\/acrj.org.br\/index.php\/wp-json\/wp\/v2\/posts\/2506\/revisions"}],"wp:featuredmedia":[{"embeddable":true,"href":"https:\/\/acrj.org.br\/index.php\/wp-json\/wp\/v2\/media\/2507"}],"wp:attachment":[{"href":"https:\/\/acrj.org.br\/index.php\/wp-json\/wp\/v2\/media?parent=2506"}],"wp:term":[{"taxonomy":"category","embeddable":true,"href":"https:\/\/acrj.org.br\/index.php\/wp-json\/wp\/v2\/categories?post=2506"},{"taxonomy":"post_tag","embeddable":true,"href":"https:\/\/acrj.org.br\/index.php\/wp-json\/wp\/v2\/tags?post=2506"}],"curies":[{"name":"wp","href":"https:\/\/api.w.org\/{rel}","templated":true}]}}