{"id":2500,"date":"2018-11-30T20:44:20","date_gmt":"2018-11-30T22:44:20","guid":{"rendered":"http:\/\/acrj2020.profissional.ws\/?p=2500"},"modified":"2020-02-29T20:45:49","modified_gmt":"2020-02-29T23:45:49","slug":"acrj-homenageia-marinha-do-brasil-pelo-dia-do-marinheiro","status":"publish","type":"post","link":"https:\/\/acrj.org.br\/index.php\/2018\/11\/30\/acrj-homenageia-marinha-do-brasil-pelo-dia-do-marinheiro\/","title":{"rendered":"ACRJ homenageia Marinha do Brasil pelo Dia do Marinheiro"},"content":{"rendered":"\n<p>A Associa\u00e7\u00e3o Comercial do Rio de Janeiro (ACRJ) recebeu nesta sexta-feira (30) representantes da Marinha do Brasil para prestar homenagem pelo Dia do Marinheiro, que ser\u00e1 comemorado no pr\u00f3ximo dia 13.<\/p>\n\n\n\n<p>Recebidos pela presidente da ACRJ, Angela Costa, e membros dos Conselhos Empresariais, representantes da marinha, aeron\u00e1utica e sociedade civil presenciaram a entrega&nbsp;da placa de homenagem ao Comandante do 1\u00ba Distrito Naval e Vice-Almirante, Jos\u00e9 Augusto Vieira da Cunha de Menezes.<\/p>\n\n\n\n<p>Dando continuidade \u00e0 celebra\u00e7\u00e3o, o Vice-Almirante palestrou sobre a atua\u00e7\u00e3o da Marinha do Brasil nacional e internacionalmente. Intitulada \u201cMarinha do Brasil: Valores e Desafios\u201d, a apresenta\u00e7\u00e3o abordou a miss\u00e3o, os campos de atua\u00e7\u00e3o, e destacou a coopera\u00e7\u00e3o internacional que faz da Marinha um instrumento de pol\u00edtica externa.<\/p>\n\n\n\n<p>Estiveram ainda presentes o Comandante do 1\u00ba Distrito Naval, Claudio Sousa Freitas; o Capit\u00e3o de Mar e Guerra, Christian Alexander Short; a Capit\u00e3 de Mar e Guerra, Ana Cristina Amorim Ferreira; o Coronel William da Silva Pereira; o Coronel Alexandre S\u00e1; e o Major Brigadeiro do Ar, Mauro Martins Machado.<\/p>\n","protected":false},"excerpt":{"rendered":"<p>A Associa\u00e7\u00e3o Comercial do Rio de Janeiro (ACRJ) recebeu nesta sexta-feira (30) representantes da Marinha do Brasil para prestar homenagem pelo Dia do Marinheiro, que&hellip;<\/p>\n","protected":false},"author":1,"featured_media":2501,"comment_status":"closed","ping_status":"open","sticky":false,"template":"","format":"standard","meta":{"_exactmetrics_skip_tracking":false,"_exactmetrics_sitenote_active":false,"_exactmetrics_sitenote_note":"","_exactmetrics_sitenote_category":0,"footnotes":""},"categories":[10],"tags":[],"class_list":["post-2500","post","type-post","status-publish","format-standard","has-post-thumbnail","hentry","category-noticias"],"_links":{"self":[{"href":"https:\/\/acrj.org.br\/index.php\/wp-json\/wp\/v2\/posts\/2500","targetHints":{"allow":["GET"]}}],"collection":[{"href":"https:\/\/acrj.org.br\/index.php\/wp-json\/wp\/v2\/posts"}],"about":[{"href":"https:\/\/acrj.org.br\/index.php\/wp-json\/wp\/v2\/types\/post"}],"author":[{"embeddable":true,"href":"https:\/\/acrj.org.br\/index.php\/wp-json\/wp\/v2\/users\/1"}],"replies":[{"embeddable":true,"href":"https:\/\/acrj.org.br\/index.php\/wp-json\/wp\/v2\/comments?post=2500"}],"version-history":[{"count":0,"href":"https:\/\/acrj.org.br\/index.php\/wp-json\/wp\/v2\/posts\/2500\/revisions"}],"wp:featuredmedia":[{"embeddable":true,"href":"https:\/\/acrj.org.br\/index.php\/wp-json\/wp\/v2\/media\/2501"}],"wp:attachment":[{"href":"https:\/\/acrj.org.br\/index.php\/wp-json\/wp\/v2\/media?parent=2500"}],"wp:term":[{"taxonomy":"category","embeddable":true,"href":"https:\/\/acrj.org.br\/index.php\/wp-json\/wp\/v2\/categories?post=2500"},{"taxonomy":"post_tag","embeddable":true,"href":"https:\/\/acrj.org.br\/index.php\/wp-json\/wp\/v2\/tags?post=2500"}],"curies":[{"name":"wp","href":"https:\/\/api.w.org\/{rel}","templated":true}]}}