{"id":24924,"date":"2024-04-24T18:09:22","date_gmt":"2024-04-24T21:09:22","guid":{"rendered":"https:\/\/acrj.org.br\/?p=24924"},"modified":"2024-11-28T11:03:27","modified_gmt":"2024-11-28T14:03:27","slug":"o-rio-como-protagonista-da-saude","status":"publish","type":"post","link":"https:\/\/acrj.org.br\/index.php\/2024\/04\/24\/o-rio-como-protagonista-da-saude\/","title":{"rendered":"O Rio como protagonista da Sa\u00fade"},"content":{"rendered":"\n<p>Por Rodrigo Vilar, membro do Conselho Empresarial do Ecossistema da Sa\u00fade da ACRJ<\/p>\n\n\n\n<p>Nos dias 18 e 19 de novembro deste ano, o Rio de Janeiro receber\u00e1 a c\u00fapula do G20. A data marcar\u00e1 a conclus\u00e3o de um ano de trabalhos conduzidos pelo Brasil, atual presidente desse grupo, trazendo para a cidade um protagonismo nas discuss\u00f5es das grandes quest\u00f5es e desafios globais, como h\u00e1 tempo n\u00e3o se via.<\/p>\n\n\n\n<p>Uma grande oportunidade se abre para o pa\u00eds e, em especial, para o Rio, que ser\u00e1 a sede do encontro das principais lideran\u00e7as mundiais.<\/p>\n\n\n\n<p>Na esteira desse acontecimento, e com o intuito de contribuir para o fortalecimento da cidade como epicentro de relevantes momentos, fazendo com que o Rio se torne um polo de discuss\u00f5es para a sa\u00fade do amanh\u00e3, a Iniciativa FIS, uma organiza\u00e7\u00e3o n\u00e3o governamental e sem-fins lucrativos, que se transformou no maior ecossistema da sa\u00fade brasileira, trar\u00e1, no come\u00e7o de novembro, duas grandes novidades para o setor: a Fisweek, um festival de inova\u00e7\u00e3o em sa\u00fade, e o Rio Health Forum (RHF), um encontro fechado das principais lideran\u00e7as dos setores p\u00fablico e privado.<\/p>\n\n\n\n<p>A Fisweek coloca o Rio como sede do principal evento de inova\u00e7\u00e3o da sa\u00fade do pa\u00eds, totalmente focado no setor, criando um guarda-chuva de experi\u00eancias que englobar\u00e1 um total de 15 eventos sat\u00e9lites, com mais de 120 healthtechs, deeptechs e biotechs, tornando-se, assim, o principal local para se ter contato com as startups da sa\u00fade na Am\u00e9rica Latina e avaliar o impacto da intelig\u00eancia artificial no setor.<\/p>\n\n\n\n<p>Al\u00e9m disso, a Fisweek trar\u00e1 novidades para os participantes, como trilhas interativas de conhecimento, podendo escolher os temas de interesse, conte\u00fados educacionais apresentados por participantes nacionais e estrangeiros e muitas possibilidades de conex\u00f5es entre gestores, lideran\u00e7as, profissionais de sa\u00fade, reguladores e legisladores. Tudo em um espa\u00e7o democr\u00e1tico para todos que querem conhecer as novidades do setor e estar pr\u00f3ximos das principais organiza\u00e7\u00f5es p\u00fablicas e privadas que fomentam a sa\u00fade no pa\u00eds.<\/p>\n\n\n\n<p>J\u00e1 o Rio Health Forum ser\u00e1 um ambiente exclusivo e fechado para as lideran\u00e7as p\u00fablicas e privadas convidadas se reunirem e, anualmente, discutir e operacionalizar os principais desafios do momento para a sa\u00fade brasileira. Para este ano, a discuss\u00e3o no Rio Health Forum ser\u00e1 o Complexo Econ\u00f4mico-Industrial da Sa\u00fade (CEIS), pauta priorit\u00e1ria do atual governo, e como ele pode garantir o acesso da popula\u00e7\u00e3o brasileira \u00e0 sa\u00fade de qualidade.<\/p>\n\n\n\n<p>O CEIS n\u00e3o \u00e9 formado apenas por f\u00e1bricas ligadas \u00e0 ind\u00fastria da Sa\u00fade. Ele engloba toda a cadeia do setor ao incorporar desde a Academia, com sua gera\u00e7\u00e3o de talentos e pesquisadores, at\u00e9 o setor de servi\u00e7os como planos de sa\u00fade, hospitais e cl\u00ednicas, passando pela ind\u00fastria farmac\u00eautica e de dispositivos m\u00e9dicos e incluindo os reguladores do setor e os legisladores, que contribui com leis para o seu melhor funcionamento.<\/p>\n\n\n\n<p>Para apoiar a constru\u00e7\u00e3o das agendas do RHF, t\u00eam sido organizados encontros regionais pelo pa\u00eds, que culminar\u00e3o com a participa\u00e7\u00e3o das principais lideran\u00e7as e empresas da sa\u00fade no Rio Health Forum em novembro, no Rio de Janeiro, quando os temas nacionais e locais ter\u00e3o espa\u00e7o.<\/p>\n\n\n\n<p>Ser\u00e3o dois grandes eventos acontecendo ao mesmo tempo, unindo o l\u00fadico ao necess\u00e1rio, a inova\u00e7\u00e3o \u00e0 pol\u00edtica. Um grande momento feito para ajudar a melhorar a sa\u00fade do pa\u00eds, acontecendo no Rio de Janeiro, e contribuindo para transformar de novo a cidade em protagonista da sa\u00fade brasileira.<\/p>\n\n\n\n<p>\u00c9 pela inova\u00e7\u00e3o, pela transforma\u00e7\u00e3o digital e pela uni\u00e3o dos grandes l\u00edderes do setor que a cidadania plena poder\u00e1 ser alcan\u00e7ada na sa\u00fade e o Rio precisa aproveitar a heran\u00e7a do G20 para liderar esse movimento.<\/p>\n\n\n\n<p>Em novembro, a sa\u00fade do Brasil acontece no Rio de Janeiro.<\/p>\n\n\n\n<p>Publicado no <strong><a href=\"https:\/\/diariodorio.com\/o-rio-como-protagonista-da-saude\/\">Di\u00e1rio do Rio <\/a><\/strong>em 24\/4\/2024. <\/p>\n\n\n\n<figure class=\"wp-block-image size-full is-resized\"><img fetchpriority=\"high\" decoding=\"async\" width=\"661\" height=\"646\" src=\"https:\/\/acrj.org.br\/wp-content\/uploads\/2024\/04\/Rodrigo-Vilar.png\" alt=\"\" class=\"wp-image-24926\" style=\"width:262px;height:auto\" srcset=\"https:\/\/acrj.org.br\/wp-content\/uploads\/2024\/04\/Rodrigo-Vilar.png 661w, https:\/\/acrj.org.br\/wp-content\/uploads\/2024\/04\/Rodrigo-Vilar-300x293.png 300w, https:\/\/acrj.org.br\/wp-content\/uploads\/2024\/04\/Rodrigo-Vilar-600x586.png 600w\" sizes=\"(max-width: 661px) 100vw, 661px\" \/><figcaption class=\"wp-element-caption\">Rodrigo Vilar \u00e9 CEO da Iniciativa FIS <\/figcaption><\/figure>\n\n\n\n<p><\/p>\n\n\n\n<p>Foto de capa: Freepik<\/p>\n","protected":false},"excerpt":{"rendered":"<p>Por Rodrigo Vilar, membro do Conselho Empresarial do Ecossistema da Sa\u00fade da ACRJ<\/p>\n","protected":false},"author":3,"featured_media":24925,"comment_status":"closed","ping_status":"closed","sticky":false,"template":"","format":"standard","meta":{"_exactmetrics_skip_tracking":false,"_exactmetrics_sitenote_active":false,"_exactmetrics_sitenote_note":"","_exactmetrics_sitenote_category":0,"footnotes":""},"categories":[12],"tags":[],"class_list":["post-24924","post","type-post","status-publish","format-standard","has-post-thumbnail","hentry","category-artigos"],"_links":{"self":[{"href":"https:\/\/acrj.org.br\/index.php\/wp-json\/wp\/v2\/posts\/24924","targetHints":{"allow":["GET"]}}],"collection":[{"href":"https:\/\/acrj.org.br\/index.php\/wp-json\/wp\/v2\/posts"}],"about":[{"href":"https:\/\/acrj.org.br\/index.php\/wp-json\/wp\/v2\/types\/post"}],"author":[{"embeddable":true,"href":"https:\/\/acrj.org.br\/index.php\/wp-json\/wp\/v2\/users\/3"}],"replies":[{"embeddable":true,"href":"https:\/\/acrj.org.br\/index.php\/wp-json\/wp\/v2\/comments?post=24924"}],"version-history":[{"count":0,"href":"https:\/\/acrj.org.br\/index.php\/wp-json\/wp\/v2\/posts\/24924\/revisions"}],"wp:featuredmedia":[{"embeddable":true,"href":"https:\/\/acrj.org.br\/index.php\/wp-json\/wp\/v2\/media\/24925"}],"wp:attachment":[{"href":"https:\/\/acrj.org.br\/index.php\/wp-json\/wp\/v2\/media?parent=24924"}],"wp:term":[{"taxonomy":"category","embeddable":true,"href":"https:\/\/acrj.org.br\/index.php\/wp-json\/wp\/v2\/categories?post=24924"},{"taxonomy":"post_tag","embeddable":true,"href":"https:\/\/acrj.org.br\/index.php\/wp-json\/wp\/v2\/tags?post=24924"}],"curies":[{"name":"wp","href":"https:\/\/api.w.org\/{rel}","templated":true}]}}