{"id":2484,"date":"2018-12-10T18:57:00","date_gmt":"2018-12-10T20:57:00","guid":{"rendered":"http:\/\/acrj2020.profissional.ws\/?p=2484"},"modified":"2020-02-29T18:59:22","modified_gmt":"2020-02-29T21:59:22","slug":"inseguranca-juridica-dos-contribuintes-marcou-o-ano-de-2018","status":"publish","type":"post","link":"https:\/\/acrj.org.br\/index.php\/2018\/12\/10\/inseguranca-juridica-dos-contribuintes-marcou-o-ano-de-2018\/","title":{"rendered":"Inseguran\u00e7a jur\u00eddica dos contribuintes marcou o ano de 2018"},"content":{"rendered":"\n<p>Mais um ano est\u00e1 prestes a encerrar, mas pouca coisa mudou no que tange \u00e0 seguran\u00e7a jur\u00eddica que circunda &#8211; ou pelo menos deveria &#8211; o Sistema Tribut\u00e1rio Nacional. O ano ficou marcado pela constante oscila\u00e7\u00e3o na jurisprud\u00eancia dos Tribunais Superiores, bem como pela marcante diverg\u00eancia na opini\u00e3o dos \u00f3rg\u00e3os administrativos e o Judici\u00e1rio. Desta forma, o contribuinte ficou perdido em 2018 e sem qualquer suporte que lhe garantisse a seguran\u00e7a nos neg\u00f3cios.<br><br>Para citar apenas um exemplo, importante destacar que, ainda ao in\u00edcio do ano, uma altera\u00e7\u00e3o na Lei de Introdu\u00e7\u00e3o \u00e0s Normas do Direito Brasileiro visou dar, justamente, maior seguran\u00e7a jur\u00eddica e minimizar os graves transtornos causados pela j\u00e1 mencionada constante altera\u00e7\u00e3o na jurisprud\u00eancia. Nesse sentido, o novo Art. 24 da LINDB assegurou que a revis\u00e3o, nas esferas administrativa, controladora ou judicial, quanto \u00e0 validade de ato, contrato, ajuste, processo ou norma administrativa cuja produ\u00e7\u00e3o j\u00e1 se houver completado levar\u00e1 em conta as orienta\u00e7\u00f5es gerais da \u00e9poca, sendo vedado que, com base em mudan\u00e7a posterior de orienta\u00e7\u00e3o geral, se declarem inv\u00e1lidas situa\u00e7\u00f5es plenamente constitu\u00eddas.<\/p>\n\n\n\n<p>A inten\u00e7\u00e3o do dispositivo foi clara: Proteger a boa-f\u00e9 do contribuinte que praticou atos e neg\u00f3cios de acordo com a jurisprud\u00eancia majorit\u00e1ria \u00e0 \u00e9poca. Dessa forma, uma futura altera\u00e7\u00e3o na jurisprud\u00eancia n\u00e3o poderia atingir os fatos anteriores, em que a jurisprud\u00eancia dominante ainda lhe garantia a legalidade dos atos praticados.<\/p>\n\n\n\n<p>Contudo, s\u00f3 gerou ainda mais inseguran\u00e7a jur\u00eddica, visto que os \u00f3rg\u00e3os administrativos tem negado aplica\u00e7\u00e3o do dispositivo, alegando que o mesmo n\u00e3o seria aplic\u00e1vel ao direito tribut\u00e1rio, contrariando a interpreta\u00e7\u00e3o dos pr\u00f3prios criadores da Lei, que defendem a sua aplica\u00e7\u00e3o para todas as searas direito p\u00fablico, com a \u00fanica exce\u00e7\u00e3o do direito penal.<\/p>\n\n\n\n<p>Isso s\u00f3 demonstra que, por mais que o Poder Legislativo venha tentando propor medidas para garantir seguran\u00e7a aos neg\u00f3cios e, com isso, atrair mais investimento no pa\u00eds, uma parcela do poder p\u00fablico ainda luta contra a seguran\u00e7a jur\u00eddica para n\u00e3o perder a arrecada\u00e7\u00e3o. &#8220;Farinha pouca, meu pir\u00e3o primeiro&#8221;.<\/p>\n\n\n\n<p>A Associa\u00e7\u00e3o Comercial do Rio de Janeiro espera que o ano de 2019 seja bastante diferente, com os contribuintes, sejam os empres\u00e1rios ou a popula\u00e7\u00e3o em geral, tenham mais seguran\u00e7a jur\u00eddica de forma a permitir o desenvolvimento do pa\u00eds e o retorno dos investimentos.<\/p>\n\n\n\n<p class=\"has-text-align-right has-medium-font-size\"><strong> Vice-Presid\u00eancia Jur\u00eddica da ACRJ<\/strong> <\/p>\n","protected":false},"excerpt":{"rendered":"<p>Mais um ano est\u00e1 prestes a encerrar, mas pouca coisa mudou no que tange \u00e0 seguran\u00e7a jur\u00eddica que circunda &#8211; ou pelo menos deveria &#8211;&hellip;<\/p>\n","protected":false},"author":1,"featured_media":2485,"comment_status":"closed","ping_status":"open","sticky":false,"template":"","format":"standard","meta":{"_exactmetrics_skip_tracking":false,"_exactmetrics_sitenote_active":false,"_exactmetrics_sitenote_note":"","_exactmetrics_sitenote_category":0,"footnotes":""},"categories":[10],"tags":[],"class_list":["post-2484","post","type-post","status-publish","format-standard","has-post-thumbnail","hentry","category-noticias"],"_links":{"self":[{"href":"https:\/\/acrj.org.br\/index.php\/wp-json\/wp\/v2\/posts\/2484","targetHints":{"allow":["GET"]}}],"collection":[{"href":"https:\/\/acrj.org.br\/index.php\/wp-json\/wp\/v2\/posts"}],"about":[{"href":"https:\/\/acrj.org.br\/index.php\/wp-json\/wp\/v2\/types\/post"}],"author":[{"embeddable":true,"href":"https:\/\/acrj.org.br\/index.php\/wp-json\/wp\/v2\/users\/1"}],"replies":[{"embeddable":true,"href":"https:\/\/acrj.org.br\/index.php\/wp-json\/wp\/v2\/comments?post=2484"}],"version-history":[{"count":0,"href":"https:\/\/acrj.org.br\/index.php\/wp-json\/wp\/v2\/posts\/2484\/revisions"}],"wp:featuredmedia":[{"embeddable":true,"href":"https:\/\/acrj.org.br\/index.php\/wp-json\/wp\/v2\/media\/2485"}],"wp:attachment":[{"href":"https:\/\/acrj.org.br\/index.php\/wp-json\/wp\/v2\/media?parent=2484"}],"wp:term":[{"taxonomy":"category","embeddable":true,"href":"https:\/\/acrj.org.br\/index.php\/wp-json\/wp\/v2\/categories?post=2484"},{"taxonomy":"post_tag","embeddable":true,"href":"https:\/\/acrj.org.br\/index.php\/wp-json\/wp\/v2\/tags?post=2484"}],"curies":[{"name":"wp","href":"https:\/\/api.w.org\/{rel}","templated":true}]}}