{"id":24788,"date":"2024-04-19T11:08:47","date_gmt":"2024-04-19T14:08:47","guid":{"rendered":"https:\/\/acrj.org.br\/?p=24788"},"modified":"2024-12-22T20:16:54","modified_gmt":"2024-12-22T23:16:54","slug":"acrj-organiza-evento-sobre-negocios-na-area-de-inovacao-em-portugal","status":"publish","type":"post","link":"https:\/\/acrj.org.br\/index.php\/2024\/04\/19\/acrj-organiza-evento-sobre-negocios-na-area-de-inovacao-em-portugal\/","title":{"rendered":"ACRJ organiza evento sobre neg\u00f3cios na \u00e1rea de inova\u00e7\u00e3o em Portugal"},"content":{"rendered":"\n<p>No dia 29 de abril, a partir das 9h30, a ACRJ promove o evento <strong>Doing Business in Portugal<\/strong>, uma iniciativa do Conselho Empresarial de Inova\u00e7\u00e3o, Transforma\u00e7\u00e3o Digital e Tecnologia. Este evento tem como objetivo apresentar o ecossistema de inova\u00e7\u00e3o em Portugal, compartilhar experi\u00eancias de internacionaliza\u00e7\u00e3o de neg\u00f3cios e marcar o lan\u00e7amento da Miss\u00e3o Empresarial Portugal 2024, que acontecer\u00e1 em novembro.<\/p>\n\n\n\n<p>\u201cSer\u00e1 uma manh\u00e3 repleta de insights estrat\u00e9gicos, networking de alto n\u00edvel e descoberta de oportunidades de investimentos em Portugal\u201d, afirma o presidente do Conselho, Julio Urdangarin.<\/p>\n\n\n\n<p>O evento \u00e9 gratuito, mediante inscri\u00e7\u00e3o pr\u00e9via. Confira a programa\u00e7\u00e3o abaixo.<\/p>\n\n\n\n<p><a href=\"https:\/\/forms.gle\/aeVr3gbBEcUNsEVM7\">Acesse aqui<\/a> para se inscrever<\/p>\n\n\n\n<p><strong>SERVI\u00c7O<\/strong><\/p>\n\n\n\n<p>&#x1f4cc; Data: 29\/4\/2024<\/p>\n\n\n\n<p>&#x1f552; Hor\u00e1rio: 9h30<\/p>\n\n\n\n<p>&#x1f3e2; Local: Sede da Associa\u00e7\u00e3o Comercial do RJ &#8211; ACRJ &#8211; Rua Candel\u00e1ria, 9\/12o andar &#8211; Centro &#8211; RJ<\/p>\n\n\n\n<p>&#x260e; Informa\u00e7\u00f5es: 2514-1203<\/p>\n\n\n\n<figure class=\"wp-block-image size-full is-resized\"><img fetchpriority=\"high\" decoding=\"async\" width=\"456\" height=\"715\" src=\"https:\/\/acrj.org.br\/wp-content\/uploads\/2024\/04\/evento-Portugal_29_abril.jpg\" alt=\"\" class=\"wp-image-24796\" style=\"width:309px;height:auto\" srcset=\"https:\/\/acrj.org.br\/wp-content\/uploads\/2024\/04\/evento-Portugal_29_abril.jpg 456w, https:\/\/acrj.org.br\/wp-content\/uploads\/2024\/04\/evento-Portugal_29_abril-191x300.jpg 191w\" sizes=\"(max-width: 456px) 100vw, 456px\" \/><\/figure>\n","protected":false},"excerpt":{"rendered":"<p>No dia 29 de abril, a partir das 9h30, a ACRJ promove o evento Doing Business in Portugal, uma iniciativa do Conselho Empresarial de Inova\u00e7\u00e3o,&hellip;<\/p>\n","protected":false},"author":3,"featured_media":24795,"comment_status":"closed","ping_status":"closed","sticky":false,"template":"","format":"standard","meta":{"_exactmetrics_skip_tracking":false,"_exactmetrics_sitenote_active":false,"_exactmetrics_sitenote_note":"","_exactmetrics_sitenote_category":0,"footnotes":""},"categories":[83],"tags":[],"class_list":["post-24788","post","type-post","status-publish","format-standard","has-post-thumbnail","hentry","category-eventos_acrj"],"_links":{"self":[{"href":"https:\/\/acrj.org.br\/index.php\/wp-json\/wp\/v2\/posts\/24788","targetHints":{"allow":["GET"]}}],"collection":[{"href":"https:\/\/acrj.org.br\/index.php\/wp-json\/wp\/v2\/posts"}],"about":[{"href":"https:\/\/acrj.org.br\/index.php\/wp-json\/wp\/v2\/types\/post"}],"author":[{"embeddable":true,"href":"https:\/\/acrj.org.br\/index.php\/wp-json\/wp\/v2\/users\/3"}],"replies":[{"embeddable":true,"href":"https:\/\/acrj.org.br\/index.php\/wp-json\/wp\/v2\/comments?post=24788"}],"version-history":[{"count":0,"href":"https:\/\/acrj.org.br\/index.php\/wp-json\/wp\/v2\/posts\/24788\/revisions"}],"wp:featuredmedia":[{"embeddable":true,"href":"https:\/\/acrj.org.br\/index.php\/wp-json\/wp\/v2\/media\/24795"}],"wp:attachment":[{"href":"https:\/\/acrj.org.br\/index.php\/wp-json\/wp\/v2\/media?parent=24788"}],"wp:term":[{"taxonomy":"category","embeddable":true,"href":"https:\/\/acrj.org.br\/index.php\/wp-json\/wp\/v2\/categories?post=24788"},{"taxonomy":"post_tag","embeddable":true,"href":"https:\/\/acrj.org.br\/index.php\/wp-json\/wp\/v2\/tags?post=24788"}],"curies":[{"name":"wp","href":"https:\/\/api.w.org\/{rel}","templated":true}]}}