{"id":2478,"date":"2018-12-13T18:54:00","date_gmt":"2018-12-13T20:54:00","guid":{"rendered":"http:\/\/acrj2020.profissional.ws\/?p=2478"},"modified":"2020-02-29T18:56:08","modified_gmt":"2020-02-29T21:56:08","slug":"termina-dia-28-de-dezembro-o-prazo-para-consolidacao-de-debitos-do-pert","status":"publish","type":"post","link":"https:\/\/acrj.org.br\/index.php\/2018\/12\/13\/termina-dia-28-de-dezembro-o-prazo-para-consolidacao-de-debitos-do-pert\/","title":{"rendered":"Termina dia 28 de dezembro o prazo para consolida\u00e7\u00e3o de d\u00e9bitos do PERT"},"content":{"rendered":"\n<p>No ano passado os contribuintes puderam aderir ao Programa Especial de Regulariza\u00e7\u00e3o Tribut\u00e1ria \u2013 PERT \u2013 demais d\u00e9bitos, institu\u00eddo pela Lei n\u00ba 13.496, de 24 de outubro de 2017 e regulamentado pela Instru\u00e7\u00e3o Normativa da Receita Federal n\u00ba 1.711, de 16 de junho de 2017. Agora a Receita est\u00e1 informando aos contribuintes que a saga continua, sendo necess\u00e1rio prestar as informa\u00e7\u00f5es para a consolida\u00e7\u00e3o sob a pena de perder todos os direitos das multas e dos juros que foram reduzidos, com a exclus\u00e3o do programa. O prazo para isto termina dia 28 de dezembro pr\u00f3ximo.<\/p>\n\n\n\n<p>Para regulamentar essa nova obriga\u00e7\u00e3o, de consolida\u00e7\u00e3o dos d\u00e9bitos que foram pagos ou parcelados com descontos foi publicada a Instru\u00e7\u00e3o Normativa RFB n\u00ba 1.855, de 7 de dezembro de 2018, dispon\u00edvel no s\u00edtio da RFB na Internet.<\/p>\n\n\n\n<p>A Receita informa que dever\u00e3o ser prestadas as informa\u00e7\u00f5es para consolida\u00e7\u00e3o, inclusive no caso de op\u00e7\u00e3o pelo pagamento \u00e0 vista e liquida\u00e7\u00e3o do restante da d\u00edvida com utiliza\u00e7\u00e3o de preju\u00edzo fiscal e de base de c\u00e1lculo negativa da Contribui\u00e7\u00e3o Social sobre o Lucro L\u00edquido (CSLL).<\/p>\n\n\n\n<p>\u00c9 preciso ficar atento porque se n\u00e3o prestar as informa\u00e7\u00f5es ou o n\u00e3o pagar eventual saldo devedor, no prazo, o contribuinte, pessoa f\u00edsica ou jur\u00eddica, ser\u00e1 exclu\u00eddo do programa especial e perder\u00e1 todos os benef\u00edcios concedidos, sendo encaminhadas automaticamente para a cobran\u00e7a todos os d\u00e9bitos.<\/p>\n\n\n\n<p>A Receita tamb\u00e9m lembra que quem deixar de pagar o parcelamento por 3 \u00a0meses consecutivos ou 6 alternados tamb\u00e9m ser\u00e1 exclu\u00eddo do programa.<\/p>\n\n\n\n<p class=\"has-text-align-right has-medium-font-size\"><strong> Cheryl Berno <\/strong><\/p>\n","protected":false},"excerpt":{"rendered":"<p>No ano passado os contribuintes puderam aderir ao Programa Especial de Regulariza\u00e7\u00e3o Tribut\u00e1ria \u2013 PERT \u2013 demais d\u00e9bitos, institu\u00eddo pela Lei n\u00ba 13.496, de 24&hellip;<\/p>\n","protected":false},"author":1,"featured_media":2479,"comment_status":"closed","ping_status":"open","sticky":false,"template":"","format":"standard","meta":{"_exactmetrics_skip_tracking":false,"_exactmetrics_sitenote_active":false,"_exactmetrics_sitenote_note":"","_exactmetrics_sitenote_category":0,"footnotes":""},"categories":[10],"tags":[],"class_list":["post-2478","post","type-post","status-publish","format-standard","has-post-thumbnail","hentry","category-noticias"],"_links":{"self":[{"href":"https:\/\/acrj.org.br\/index.php\/wp-json\/wp\/v2\/posts\/2478","targetHints":{"allow":["GET"]}}],"collection":[{"href":"https:\/\/acrj.org.br\/index.php\/wp-json\/wp\/v2\/posts"}],"about":[{"href":"https:\/\/acrj.org.br\/index.php\/wp-json\/wp\/v2\/types\/post"}],"author":[{"embeddable":true,"href":"https:\/\/acrj.org.br\/index.php\/wp-json\/wp\/v2\/users\/1"}],"replies":[{"embeddable":true,"href":"https:\/\/acrj.org.br\/index.php\/wp-json\/wp\/v2\/comments?post=2478"}],"version-history":[{"count":0,"href":"https:\/\/acrj.org.br\/index.php\/wp-json\/wp\/v2\/posts\/2478\/revisions"}],"wp:featuredmedia":[{"embeddable":true,"href":"https:\/\/acrj.org.br\/index.php\/wp-json\/wp\/v2\/media\/2479"}],"wp:attachment":[{"href":"https:\/\/acrj.org.br\/index.php\/wp-json\/wp\/v2\/media?parent=2478"}],"wp:term":[{"taxonomy":"category","embeddable":true,"href":"https:\/\/acrj.org.br\/index.php\/wp-json\/wp\/v2\/categories?post=2478"},{"taxonomy":"post_tag","embeddable":true,"href":"https:\/\/acrj.org.br\/index.php\/wp-json\/wp\/v2\/tags?post=2478"}],"curies":[{"name":"wp","href":"https:\/\/api.w.org\/{rel}","templated":true}]}}