{"id":24525,"date":"2024-04-15T14:43:19","date_gmt":"2024-04-15T17:43:19","guid":{"rendered":"https:\/\/acrj.org.br\/?p=24525"},"modified":"2025-01-23T16:53:25","modified_gmt":"2025-01-23T19:53:25","slug":"conselho-de-cultura-cria-comite-de-politicas-publicas-e-seminario-sobre-audiovisual","status":"publish","type":"post","link":"https:\/\/acrj.org.br\/index.php\/2024\/04\/15\/conselho-de-cultura-cria-comite-de-politicas-publicas-e-seminario-sobre-audiovisual\/","title":{"rendered":"Conselho de Cultura cria Comit\u00ea de Pol\u00edticas P\u00fablicas e Semin\u00e1rio sobre Audiovisual"},"content":{"rendered":"\n<p>O Conselho Empresarial de Cultura da ACRJ se reuniu de forma virtual, dia 10\/4. Na pauta, o balan\u00e7o do Semin\u00e1rio sobre o Carnaval, feito pela conselheira Celina de Farias, realizado dia 26 de mar\u00e7o;&nbsp;a cria\u00e7\u00e3o do Comit\u00ea de&nbsp; Pol\u00edticas P\u00fablicas; e a organiza\u00e7\u00e3o do Semin\u00e1rio de Audiovisual, entre outros temas.&nbsp;<\/p>\n\n\n\n<p>Na oportunidade, a vice-presidente do Conselho, Maria Luiza Nobre de Almeida, apresentou o novo conselheiro, Eric Herrero, diretor art\u00edstico do Theatro Municipal do Rio, e fez sua diploma\u00e7\u00e3o.&nbsp;<\/p>\n\n\n\n<p>O novo Comit\u00ea de Pol\u00edticas P\u00fablicas criado, se junta aos sete que j\u00e1 atuam no \u00e2mbito do Conselho de Cultura. Ele ser\u00e1 formado pelos seguintes conselheiros: Maria Luiza Nobre de Almeida, Maria Eug\u00eania Stein, Yvonne Bezerra de Melo, Celina de Farias, Eric Herrero e Fernando Travassos. Como primeira a\u00e7\u00e3o, o comit\u00ea vai elaborar um documento com sugest\u00f5es a ser entregue ao Conselho Estadual de Cultura.<\/p>\n\n\n\n<p>O conselheiro Steve Solot atualizou os demais membros sobre as tratativas para o Semin\u00e1rio de Audiovisual, que j\u00e1 est\u00e3o bem avan\u00e7adas. O evento ser\u00e1 realizado dia 28 de maio, \u00e0s 14h, na ACRJ. O evento encerra as atividades do curso \u201cFazendo Seu Primeiro Filme \u2013 Introdu\u00e7\u00e3o ao Mundo Audiovisual\u201d, um projeto da ABC Cursos de Cinema, organizado pelo Comit\u00ea de Audiovisual do Conselho Empresarial de Cultura, para jovens de 12 a 19 anos de Comunidades do Rio de Janeiro.<\/p>\n","protected":false},"excerpt":{"rendered":"<p>O Conselho Empresarial de Cultura da ACRJ se reuniu de forma virtual, dia 10\/4. Na pauta, o balan\u00e7o do Semin\u00e1rio sobre o Carnaval, feito pela&hellip;<\/p>\n","protected":false},"author":3,"featured_media":24528,"comment_status":"closed","ping_status":"closed","sticky":false,"template":"","format":"standard","meta":{"_exactmetrics_skip_tracking":false,"_exactmetrics_sitenote_active":false,"_exactmetrics_sitenote_note":"","_exactmetrics_sitenote_category":0,"footnotes":""},"categories":[56],"tags":[],"class_list":["post-24525","post","type-post","status-publish","format-standard","has-post-thumbnail","hentry","category-destaque_conselhos"],"_links":{"self":[{"href":"https:\/\/acrj.org.br\/index.php\/wp-json\/wp\/v2\/posts\/24525","targetHints":{"allow":["GET"]}}],"collection":[{"href":"https:\/\/acrj.org.br\/index.php\/wp-json\/wp\/v2\/posts"}],"about":[{"href":"https:\/\/acrj.org.br\/index.php\/wp-json\/wp\/v2\/types\/post"}],"author":[{"embeddable":true,"href":"https:\/\/acrj.org.br\/index.php\/wp-json\/wp\/v2\/users\/3"}],"replies":[{"embeddable":true,"href":"https:\/\/acrj.org.br\/index.php\/wp-json\/wp\/v2\/comments?post=24525"}],"version-history":[{"count":0,"href":"https:\/\/acrj.org.br\/index.php\/wp-json\/wp\/v2\/posts\/24525\/revisions"}],"wp:featuredmedia":[{"embeddable":true,"href":"https:\/\/acrj.org.br\/index.php\/wp-json\/wp\/v2\/media\/24528"}],"wp:attachment":[{"href":"https:\/\/acrj.org.br\/index.php\/wp-json\/wp\/v2\/media?parent=24525"}],"wp:term":[{"taxonomy":"category","embeddable":true,"href":"https:\/\/acrj.org.br\/index.php\/wp-json\/wp\/v2\/categories?post=24525"},{"taxonomy":"post_tag","embeddable":true,"href":"https:\/\/acrj.org.br\/index.php\/wp-json\/wp\/v2\/tags?post=24525"}],"curies":[{"name":"wp","href":"https:\/\/api.w.org\/{rel}","templated":true}]}}