{"id":24503,"date":"2024-04-12T17:11:25","date_gmt":"2024-04-12T20:11:25","guid":{"rendered":"https:\/\/acrj.org.br\/?p=24503"},"modified":"2024-10-03T00:13:03","modified_gmt":"2024-10-03T03:13:03","slug":"pesquisa-sobre-dores-do-setor-de-varejo-foi-um-dos-temas-apresentados-na-reuniao-do-conselho","status":"publish","type":"post","link":"https:\/\/acrj.org.br\/index.php\/2024\/04\/12\/pesquisa-sobre-dores-do-setor-de-varejo-foi-um-dos-temas-apresentados-na-reuniao-do-conselho\/","title":{"rendered":"Pesquisa sobre as dores do setor de varejo foi um dos temas da reuni\u00e3o do Conselho"},"content":{"rendered":"\n<p>O Conselho Empresarial de Varejo da ACRJ apresentou, durante a reuni\u00e3o no dia 12 de abril, uma pesquisa sobre as dores dos empres\u00e1rios e gestores de neg\u00f3cios de varejo no Brasil. O objetivo, segundo o presidente do Conselho, Juedir Teixeira, autor do levantamento, foi identificar quais s\u00e3o os maiores problemas enfrentadas pelos empres\u00e1rios, principalmente os pequenos e m\u00e9dios, e apontar as solu\u00e7\u00f5es para resolv\u00ea-los.<\/p>\n\n\n\n<p>Segundo ele, o varejo \u00e9 o setor da economia que mais tem sofrido mudan\u00e7as no mundo e no Brasil n\u00e3o \u00e9 diferente. \u201cOs empres\u00e1rios ou gestores de neg\u00f3cios de varejo enfrentam muitos desafios para manter seus neg\u00f3cios sustent\u00e1veis\u201d, disse. O levantamento abrangeu mais de cem empresas do pa\u00eds de sete segmentos diferentes do varejo. O resultado est\u00e1 dispon\u00edvel <strong><a href=\"https:\/\/acrj.org.br\/wp-content\/uploads\/2024\/04\/Pesquisa-JTB-e-PEGEN-2.pdf\">aqui<\/a> <\/strong><\/p>\n\n\n\n<p>No item da pauta sobre a <strong>Hist\u00f3ria das Marcas<\/strong>, o conselheiro Walter Cabral dos Santos Filho, empres\u00e1rio da rede Walter\u2019s Coiffeur, apresentou a empresa criada por seu pai, Walter Cabral, h\u00e1 60 anos. Ele mostrou a evolu\u00e7\u00e3o e a amplia\u00e7\u00e3o do neg\u00f3cio, que capacita profissionais, possui marca pr\u00f3pria de produtos e em 2020 iniciou vendas de produtos e servi\u00e7os por e-commerce para reduzir o impacto causado pela pandemia.<\/p>\n\n\n\n<p>A empresa hoje \u00e9 a 3\u00aa maior rede de sal\u00f5es em faturamento e a 5\u00aa em unidades do Brasil, com 16 estabelecimentos e a meta de chegar a 20 ao final deste ano. Conhe\u00e7a mais sobe este case de sucesso <strong><a href=\"https:\/\/acrj.org.br\/wp-content\/uploads\/2024\/04\/Apresentacao-Walter-Coiffeur-ACRJ.pdf\">aqui<\/a><\/strong><\/p>\n\n\n\n<p>Os conselheiros Renato Guedes, que falou sobre Endomarketing e seu livro sobre o tema, F\u00e1bio Gomes abordando a Reputa\u00e7\u00e3o, como chave para resultados potentes, e Jos\u00e9 Renato, apresentando o livro Ego\u00edsmo Saud\u00e1vel, que fala sobre as atitudes que impactam o dia a dia de cada pessoa, encerraram as apresenta\u00e7\u00f5es do dia. O presidente Josier Vilar encerrou a reuni\u00e3o e diplomou tr\u00eas novos conselheiros.<\/p>\n\n\n\n<p>A reuni\u00e3o na \u00edntegra est\u00e1 dispon\u00edvel no <strong>Canal ACRJ Divulga<\/strong>. <strong><a href=\"https:\/\/youtu.be\/5oe5GEcY444\">Acesse<\/a><\/strong><\/p>\n\n\n\n<figure class=\"wp-block-image size-large is-resized\"><img fetchpriority=\"high\" decoding=\"async\" width=\"1024\" height=\"560\" src=\"https:\/\/acrj.org.br\/wp-content\/uploads\/2024\/04\/josier-1-1024x560.jpg\" alt=\"\" class=\"wp-image-24504\" style=\"width:407px;height:auto\" srcset=\"https:\/\/acrj.org.br\/wp-content\/uploads\/2024\/04\/josier-1-1024x560.jpg 1024w, https:\/\/acrj.org.br\/wp-content\/uploads\/2024\/04\/josier-1-300x164.jpg 300w, https:\/\/acrj.org.br\/wp-content\/uploads\/2024\/04\/josier-1-768x420.jpg 768w, https:\/\/acrj.org.br\/wp-content\/uploads\/2024\/04\/josier-1-1536x840.jpg 1536w, https:\/\/acrj.org.br\/wp-content\/uploads\/2024\/04\/josier-1-2048x1120.jpg 2048w, https:\/\/acrj.org.br\/wp-content\/uploads\/2024\/04\/josier-1-600x328.jpg 600w\" sizes=\"(max-width: 1024px) 100vw, 1024px\" \/><figcaption class=\"wp-element-caption\">Josier Vilar, Ruy Barreto Filho e Juedir Teixeira<\/figcaption><\/figure>\n\n\n\n<figure class=\"wp-block-image size-large is-resized\"><img decoding=\"async\" width=\"1024\" height=\"489\" src=\"https:\/\/acrj.org.br\/wp-content\/uploads\/2024\/04\/walter-1024x489.jpg\" alt=\"\" class=\"wp-image-24509\" style=\"width:425px;height:auto\" srcset=\"https:\/\/acrj.org.br\/wp-content\/uploads\/2024\/04\/walter-1024x489.jpg 1024w, https:\/\/acrj.org.br\/wp-content\/uploads\/2024\/04\/walter-300x143.jpg 300w, https:\/\/acrj.org.br\/wp-content\/uploads\/2024\/04\/walter-768x367.jpg 768w, https:\/\/acrj.org.br\/wp-content\/uploads\/2024\/04\/walter-1536x733.jpg 1536w, https:\/\/acrj.org.br\/wp-content\/uploads\/2024\/04\/walter-600x287.jpg 600w, https:\/\/acrj.org.br\/wp-content\/uploads\/2024\/04\/walter.jpg 2000w\" sizes=\"(max-width: 1024px) 100vw, 1024px\" \/><figcaption class=\"wp-element-caption\">Walter Cabral Filho<\/figcaption><\/figure>\n\n\n\n<figure class=\"wp-block-image size-large is-resized\"><img decoding=\"async\" width=\"1024\" height=\"533\" src=\"https:\/\/acrj.org.br\/wp-content\/uploads\/2024\/04\/Fabio-1024x533.jpg\" alt=\"\" class=\"wp-image-24506\" style=\"width:411px;height:auto\" srcset=\"https:\/\/acrj.org.br\/wp-content\/uploads\/2024\/04\/Fabio-1024x533.jpg 1024w, https:\/\/acrj.org.br\/wp-content\/uploads\/2024\/04\/Fabio-300x156.jpg 300w, https:\/\/acrj.org.br\/wp-content\/uploads\/2024\/04\/Fabio-768x400.jpg 768w, https:\/\/acrj.org.br\/wp-content\/uploads\/2024\/04\/Fabio-1536x800.jpg 1536w, https:\/\/acrj.org.br\/wp-content\/uploads\/2024\/04\/Fabio-600x312.jpg 600w, https:\/\/acrj.org.br\/wp-content\/uploads\/2024\/04\/Fabio.jpg 1863w\" sizes=\"(max-width: 1024px) 100vw, 1024px\" \/><figcaption class=\"wp-element-caption\">Fabio Gomes<\/figcaption><\/figure>\n\n\n\n<figure class=\"wp-block-image size-large is-resized\"><img loading=\"lazy\" decoding=\"async\" width=\"1024\" height=\"571\" src=\"https:\/\/acrj.org.br\/wp-content\/uploads\/2024\/04\/renato-1024x571.jpg\" alt=\"\" class=\"wp-image-24508\" style=\"width:424px;height:auto\" srcset=\"https:\/\/acrj.org.br\/wp-content\/uploads\/2024\/04\/renato-1024x571.jpg 1024w, https:\/\/acrj.org.br\/wp-content\/uploads\/2024\/04\/renato-300x167.jpg 300w, https:\/\/acrj.org.br\/wp-content\/uploads\/2024\/04\/renato-768x428.jpg 768w, https:\/\/acrj.org.br\/wp-content\/uploads\/2024\/04\/renato-1536x857.jpg 1536w, https:\/\/acrj.org.br\/wp-content\/uploads\/2024\/04\/renato-2048x1143.jpg 2048w, https:\/\/acrj.org.br\/wp-content\/uploads\/2024\/04\/renato-600x335.jpg 600w\" sizes=\"(max-width: 1024px) 100vw, 1024px\" \/><figcaption class=\"wp-element-caption\">Renato Guedes<\/figcaption><\/figure>\n\n\n\n<figure class=\"wp-block-image size-large is-resized\"><img loading=\"lazy\" decoding=\"async\" width=\"1024\" height=\"527\" src=\"https:\/\/acrj.org.br\/wp-content\/uploads\/2024\/04\/jose-renato-1024x527.jpg\" alt=\"\" class=\"wp-image-24510\" style=\"width:427px;height:auto\" srcset=\"https:\/\/acrj.org.br\/wp-content\/uploads\/2024\/04\/jose-renato-1024x527.jpg 1024w, https:\/\/acrj.org.br\/wp-content\/uploads\/2024\/04\/jose-renato-300x154.jpg 300w, https:\/\/acrj.org.br\/wp-content\/uploads\/2024\/04\/jose-renato-768x395.jpg 768w, https:\/\/acrj.org.br\/wp-content\/uploads\/2024\/04\/jose-renato-1536x790.jpg 1536w, https:\/\/acrj.org.br\/wp-content\/uploads\/2024\/04\/jose-renato-600x309.jpg 600w, https:\/\/acrj.org.br\/wp-content\/uploads\/2024\/04\/jose-renato.jpg 2000w\" sizes=\"(max-width: 1024px) 100vw, 1024px\" \/><figcaption class=\"wp-element-caption\">Jso\u00e9 Renato<\/figcaption><\/figure>\n\n\n\n<figure class=\"wp-block-image size-large is-resized\"><img loading=\"lazy\" decoding=\"async\" width=\"1024\" height=\"461\" src=\"https:\/\/acrj.org.br\/wp-content\/uploads\/2024\/04\/mesa-2-1024x461.jpg\" alt=\"\" class=\"wp-image-24507\" style=\"width:421px;height:auto\" srcset=\"https:\/\/acrj.org.br\/wp-content\/uploads\/2024\/04\/mesa-2-1024x461.jpg 1024w, https:\/\/acrj.org.br\/wp-content\/uploads\/2024\/04\/mesa-2-300x135.jpg 300w, https:\/\/acrj.org.br\/wp-content\/uploads\/2024\/04\/mesa-2-768x346.jpg 768w, https:\/\/acrj.org.br\/wp-content\/uploads\/2024\/04\/mesa-2-1536x691.jpg 1536w, https:\/\/acrj.org.br\/wp-content\/uploads\/2024\/04\/mesa-2-600x270.jpg 600w, https:\/\/acrj.org.br\/wp-content\/uploads\/2024\/04\/mesa-2.jpg 2000w\" sizes=\"(max-width: 1024px) 100vw, 1024px\" \/><\/figure>\n","protected":false},"excerpt":{"rendered":"<p>O Conselho Empresarial de Varejo da ACRJ apresentou, durante a reuni\u00e3o no dia 12 de abril, uma pesquisa sobre as dores dos empres\u00e1rios e gestores&hellip;<\/p>\n","protected":false},"author":3,"featured_media":24505,"comment_status":"closed","ping_status":"closed","sticky":false,"template":"","format":"standard","meta":{"_exactmetrics_skip_tracking":false,"_exactmetrics_sitenote_active":false,"_exactmetrics_sitenote_note":"","_exactmetrics_sitenote_category":0,"footnotes":""},"categories":[56],"tags":[],"class_list":["post-24503","post","type-post","status-publish","format-standard","has-post-thumbnail","hentry","category-destaque_conselhos"],"_links":{"self":[{"href":"https:\/\/acrj.org.br\/index.php\/wp-json\/wp\/v2\/posts\/24503","targetHints":{"allow":["GET"]}}],"collection":[{"href":"https:\/\/acrj.org.br\/index.php\/wp-json\/wp\/v2\/posts"}],"about":[{"href":"https:\/\/acrj.org.br\/index.php\/wp-json\/wp\/v2\/types\/post"}],"author":[{"embeddable":true,"href":"https:\/\/acrj.org.br\/index.php\/wp-json\/wp\/v2\/users\/3"}],"replies":[{"embeddable":true,"href":"https:\/\/acrj.org.br\/index.php\/wp-json\/wp\/v2\/comments?post=24503"}],"version-history":[{"count":0,"href":"https:\/\/acrj.org.br\/index.php\/wp-json\/wp\/v2\/posts\/24503\/revisions"}],"wp:featuredmedia":[{"embeddable":true,"href":"https:\/\/acrj.org.br\/index.php\/wp-json\/wp\/v2\/media\/24505"}],"wp:attachment":[{"href":"https:\/\/acrj.org.br\/index.php\/wp-json\/wp\/v2\/media?parent=24503"}],"wp:term":[{"taxonomy":"category","embeddable":true,"href":"https:\/\/acrj.org.br\/index.php\/wp-json\/wp\/v2\/categories?post=24503"},{"taxonomy":"post_tag","embeddable":true,"href":"https:\/\/acrj.org.br\/index.php\/wp-json\/wp\/v2\/tags?post=24503"}],"curies":[{"name":"wp","href":"https:\/\/api.w.org\/{rel}","templated":true}]}}