{"id":2447,"date":"2017-08-29T18:30:36","date_gmt":"2017-08-29T21:30:36","guid":{"rendered":"http:\/\/acrj2020.profissional.ws\/?p=2447"},"modified":"2021-01-28T10:48:23","modified_gmt":"2021-01-28T13:48:23","slug":"bernardinho-entrar-para-a-politica-e-como-vestir-branco-em-carvoaria","status":"publish","type":"post","link":"https:\/\/acrj.org.br\/index.php\/2017\/08\/29\/bernardinho-entrar-para-a-politica-e-como-vestir-branco-em-carvoaria\/","title":{"rendered":"Bernardinho: Entrar para a pol\u00edtica \u00e9 como vestir branco em carvoaria"},"content":{"rendered":"\n<p>O ex-t\u00e9cnico de sele\u00e7\u00e3o brasileira de v\u00f4lei, Bernardo Rezende, o Bernardinho, afirmou que a dificuldade de entrar num &#8220;sistema contaminado&#8221; como a pol\u00edtica e a resist\u00eancia de sua fam\u00edlia s\u00e3o os fatores que contribuem para a sua indefini\u00e7\u00e3o de concorrer a um cargo eletivo no ano que vem.&nbsp;<\/p>\n\n\n\n<p>Bernardinho, que saiu do PSDB para o Partido Novo, \u00e9 cotado para disputar o cargo de governador ou de senador pelo Rio. Mas negou que seja pr\u00e9-candidato, numa palestra para cerca de 300 pessoas na Associa\u00e7\u00e3o Comercial do Rio de Janeiro nesta segunda-feira (28). Questionado pelo Valor se a preserva\u00e7\u00e3o de sua imagem pesa na decis\u00e3o, ele devolveu com&nbsp;outra pergunta: &#8220;Voc\u00ea n\u00e3o concorda?&#8221;. Em cima do muro, Bernardinho comparou a pol\u00edtica a uma carvoaria, mas disse que \u00e9 preciso que a popula\u00e7\u00e3o se una para superar a crise, porque &#8220;n\u00e3o h\u00e1 um salvador da p\u00e1tria&#8221;.<br><br>O ex-treinador disse que j\u00e1 deixou de trabalhar no exterior porque achava que deveria ser um exemplo para que outros mantivessem esperan\u00e7a no pa\u00eds e afirmou que hoje &#8220;todo mundo&#8221; pensa em mandar os filhos para fora. &#8220;Pera\u00ed, vamos tentar fazer a nossa parte aqui. Primeiro, temos que de alguma forma. as pessoas t\u00eam que tentar isso. Porque a ideia&nbsp;que temos hoje, de entrar nesse ambiente, \u00e9 que voc\u00ea entra de branco para trabalhar numa carvoaria. E voc\u00ea vai sair sujo. N\u00e3o \u00e9 esse o receio de todos n\u00f3s? Como n\u00e3o sair? At\u00e9 porque plantam not\u00edcia de que sou candidato, mas n\u00e3o perguntaram para mim&#8221;, disse.<\/p>\n\n\n\n<p>Leia a mat\u00e9ria na \u00edntegra no link\u00a0http:\/\/www.valor.com.br\/politica\/5097456\/bernardinho-entrar-para-politica-e-como-vestir-branco-em-carvoaria<\/p>\n\n\n\n<p class=\"has-text-align-right has-medium-font-size\"><strong> Cristian Klein<\/strong><br>Valor Econ\u00f4mico <\/p>\n","protected":false},"excerpt":{"rendered":"<p>O ex-t\u00e9cnico de sele\u00e7\u00e3o brasileira de v\u00f4lei, Bernardo Rezende, o Bernardinho, afirmou que a dificuldade de entrar num &#8220;sistema contaminado&#8221; como a pol\u00edtica e a&hellip;<\/p>\n","protected":false},"author":1,"featured_media":2448,"comment_status":"closed","ping_status":"closed","sticky":false,"template":"","format":"standard","meta":{"_exactmetrics_skip_tracking":false,"_exactmetrics_sitenote_active":false,"_exactmetrics_sitenote_note":"","_exactmetrics_sitenote_category":0,"footnotes":""},"categories":[10],"tags":[],"class_list":["post-2447","post","type-post","status-publish","format-standard","has-post-thumbnail","hentry","category-noticias"],"_links":{"self":[{"href":"https:\/\/acrj.org.br\/index.php\/wp-json\/wp\/v2\/posts\/2447","targetHints":{"allow":["GET"]}}],"collection":[{"href":"https:\/\/acrj.org.br\/index.php\/wp-json\/wp\/v2\/posts"}],"about":[{"href":"https:\/\/acrj.org.br\/index.php\/wp-json\/wp\/v2\/types\/post"}],"author":[{"embeddable":true,"href":"https:\/\/acrj.org.br\/index.php\/wp-json\/wp\/v2\/users\/1"}],"replies":[{"embeddable":true,"href":"https:\/\/acrj.org.br\/index.php\/wp-json\/wp\/v2\/comments?post=2447"}],"version-history":[{"count":0,"href":"https:\/\/acrj.org.br\/index.php\/wp-json\/wp\/v2\/posts\/2447\/revisions"}],"wp:featuredmedia":[{"embeddable":true,"href":"https:\/\/acrj.org.br\/index.php\/wp-json\/wp\/v2\/media\/2448"}],"wp:attachment":[{"href":"https:\/\/acrj.org.br\/index.php\/wp-json\/wp\/v2\/media?parent=2447"}],"wp:term":[{"taxonomy":"category","embeddable":true,"href":"https:\/\/acrj.org.br\/index.php\/wp-json\/wp\/v2\/categories?post=2447"},{"taxonomy":"post_tag","embeddable":true,"href":"https:\/\/acrj.org.br\/index.php\/wp-json\/wp\/v2\/tags?post=2447"}],"curies":[{"name":"wp","href":"https:\/\/api.w.org\/{rel}","templated":true}]}}