{"id":24467,"date":"2024-04-11T21:30:00","date_gmt":"2024-04-12T00:30:00","guid":{"rendered":"https:\/\/acrj.org.br\/?p=24467"},"modified":"2024-11-07T18:31:13","modified_gmt":"2024-11-07T21:31:13","slug":"gastronomia-cachaca-e-cultura-com-origem-no-podcast-rj-mais-negocios-acrj","status":"publish","type":"post","link":"https:\/\/acrj.org.br\/index.php\/2024\/04\/11\/gastronomia-cachaca-e-cultura-com-origem-no-podcast-rj-mais-negocios-acrj\/","title":{"rendered":"Gastronomia, cacha\u00e7a e cultura com origem no Podcast RJ Mais Neg\u00f3cios ACRJ"},"content":{"rendered":"\n<p>Neste epis\u00f3dio do podcast RJ Mais Neg\u00f3cios ACRJ, K\u00e1tia Esp\u00edrito Santo, presidente da Associa\u00e7\u00e3o de Produtores de Cacha\u00e7a do Estado do Rio, Leonardo Rangel, da Academia da Cacha\u00e7a e Maria L\u00facia Jardim, apoiadora do setor, falam sobre este produto tipicamente brasileiro, considerado um patrim\u00f4nio gastron\u00f4mico e cultural do estado do Rio, e as oportunidades de neg\u00f3cios neste segmento no Rio.<\/p>\n\n\n\n<p>Assista pelo <strong>Canal ACRJ Divulga<\/strong>. Acesse <strong>aqui<\/strong><\/p>\n\n\n\n<figure class=\"wp-block-image size-large is-resized\"><img fetchpriority=\"high\" decoding=\"async\" width=\"1024\" height=\"598\" src=\"https:\/\/acrj.org.br\/wp-content\/uploads\/2024\/04\/cachaca-1024x598.jpg\" alt=\"\" class=\"wp-image-24468\" style=\"width:482px;height:auto\" srcset=\"https:\/\/acrj.org.br\/wp-content\/uploads\/2024\/04\/cachaca-1024x598.jpg 1024w, https:\/\/acrj.org.br\/wp-content\/uploads\/2024\/04\/cachaca-300x175.jpg 300w, https:\/\/acrj.org.br\/wp-content\/uploads\/2024\/04\/cachaca-768x449.jpg 768w, https:\/\/acrj.org.br\/wp-content\/uploads\/2024\/04\/cachaca-1536x898.jpg 1536w, https:\/\/acrj.org.br\/wp-content\/uploads\/2024\/04\/cachaca-600x351.jpg 600w, https:\/\/acrj.org.br\/wp-content\/uploads\/2024\/04\/cachaca.jpg 2014w\" sizes=\"(max-width: 1024px) 100vw, 1024px\" \/><\/figure>\n","protected":false},"excerpt":{"rendered":"<p>Neste epis\u00f3dio do podcast RJ Mais Neg\u00f3cios ACRJ, K\u00e1tia Esp\u00edrito Santo, presidente da Associa\u00e7\u00e3o de Produtores de Cacha\u00e7a do Estado do Rio, Leonardo Rangel, da&hellip;<\/p>\n","protected":false},"author":3,"featured_media":23873,"comment_status":"closed","ping_status":"closed","sticky":false,"template":"","format":"standard","meta":{"_exactmetrics_skip_tracking":false,"_exactmetrics_sitenote_active":false,"_exactmetrics_sitenote_note":"","_exactmetrics_sitenote_category":0,"footnotes":""},"categories":[10],"tags":[],"class_list":["post-24467","post","type-post","status-publish","format-standard","has-post-thumbnail","hentry","category-noticias"],"_links":{"self":[{"href":"https:\/\/acrj.org.br\/index.php\/wp-json\/wp\/v2\/posts\/24467","targetHints":{"allow":["GET"]}}],"collection":[{"href":"https:\/\/acrj.org.br\/index.php\/wp-json\/wp\/v2\/posts"}],"about":[{"href":"https:\/\/acrj.org.br\/index.php\/wp-json\/wp\/v2\/types\/post"}],"author":[{"embeddable":true,"href":"https:\/\/acrj.org.br\/index.php\/wp-json\/wp\/v2\/users\/3"}],"replies":[{"embeddable":true,"href":"https:\/\/acrj.org.br\/index.php\/wp-json\/wp\/v2\/comments?post=24467"}],"version-history":[{"count":0,"href":"https:\/\/acrj.org.br\/index.php\/wp-json\/wp\/v2\/posts\/24467\/revisions"}],"wp:featuredmedia":[{"embeddable":true,"href":"https:\/\/acrj.org.br\/index.php\/wp-json\/wp\/v2\/media\/23873"}],"wp:attachment":[{"href":"https:\/\/acrj.org.br\/index.php\/wp-json\/wp\/v2\/media?parent=24467"}],"wp:term":[{"taxonomy":"category","embeddable":true,"href":"https:\/\/acrj.org.br\/index.php\/wp-json\/wp\/v2\/categories?post=24467"},{"taxonomy":"post_tag","embeddable":true,"href":"https:\/\/acrj.org.br\/index.php\/wp-json\/wp\/v2\/tags?post=24467"}],"curies":[{"name":"wp","href":"https:\/\/api.w.org\/{rel}","templated":true}]}}