{"id":2444,"date":"2017-08-30T18:28:03","date_gmt":"2017-08-30T21:28:03","guid":{"rendered":"http:\/\/acrj2020.profissional.ws\/?p=2444"},"modified":"2021-01-28T10:48:16","modified_gmt":"2021-01-28T13:48:16","slug":"dedicacao-e-disciplina-ajudam-a-alcancar-o-topo-do-podio","status":"publish","type":"post","link":"https:\/\/acrj.org.br\/index.php\/2017\/08\/30\/dedicacao-e-disciplina-ajudam-a-alcancar-o-topo-do-podio\/","title":{"rendered":"Dedica\u00e7\u00e3o e disciplina ajudam a alcan\u00e7ar o topo do p\u00f3dio"},"content":{"rendered":"\n<p>Com humor e carisma, Bernardinho, ex-t\u00e9cnico da sele\u00e7\u00e3o brasileira de v\u00f4lei, esteve nesta segunda-feira, dia 28, na Associa\u00e7\u00e3o Comercial do Rio de Janeiro (ACRJ). O convite foi feito por&nbsp;Angela Costa, presidente da Entidade e contou com a presen\u00e7a de Lars Grael, presidente do Conselho Empresarial de Esportes, reunindo p\u00fablico de 400 pessoas no local. \u201cO Bernardo \u00e9 um campe\u00e3o da vida, um brasileiro bem sucedido. E mostrou como foi capaz de motivar equipes e sair de situa\u00e7\u00f5es, muitas vezes, complicadas, conseguindo levar seu time ao topo do p\u00f3dio. Uma mensagem, no entanto, ele refor\u00e7ou bastante: treinamento e persist\u00eancia s\u00e3o fundamentais. N\u00e3o basta nascer com talento ou aptid\u00e3o para desenvolver uma atividade\u201d resumiu Lars, tamb\u00e9m um esportista de sucesso, mas na Vela.<\/p>\n\n\n\n<p>Durante mais de uma hora, Bernardinho falou sobre alguns dos desafios j\u00e1 vividos durante a sua trajet\u00f3ria como treinador de v\u00f4lei, prop\u00f3sito, metas, perseveran\u00e7a, estrat\u00e9gia, lideran\u00e7a e engajamento das equipes, a\u00ed fazendo uma analogia \u00e0 vida empresarial, lembrando a import\u00e2ncia de cada um no \u201ctime\u201d e refor\u00e7ando que na equipe dele n\u00e3o tem espa\u00e7o para egos inflados. \u201cUma equipe\/empresa s\u00f3 \u00e9 forte quando comungam do mesmo prop\u00f3sito\u201d, reiterou Bernardinho. Ao final, respondeu a perguntas e, ao ser questionado sobre a possibilidade de in\u00edcio na vida p\u00fablica, disse que nunca havia sido perguntado diretamente sobre o tema. \u201cAinda n\u00e3o h\u00e1 nada definido. Mas, com certeza, a opini\u00e3o da minha fam\u00edlia ser\u00e1 considerada. Tenho conversado com as pessoas. \u00c9 preciso o envolvimento de todos para rompermos isso, n\u00e3o h\u00e1 m\u00e1gica, um her\u00f3i da p\u00e1tria\u201d, disse.<\/p>\n\n\n\n<p>A iniciativa da ACRJ, ao convidar profissionais gabaritados para falar ao p\u00fablico e fomentar debates de diversos temas, \u00e9 uma maneira de se aproximar dos empres\u00e1rios e l\u00edderes, fortalecendo a representa\u00e7\u00e3o empresarial no Estado e aumentando&nbsp;o&nbsp;<em>networking<\/em>&nbsp;entre as companhias. J\u00e1 passaram por l\u00e1 nomes como: o ex-presidente Fernando Henrique Cardoso; o senador respons\u00e1vel pela relatoria da Reforma Trabalhista, Ricardo Ferra\u00e7o e o presidente do Banco Nacional de Desenvolvimento e Econ\u00f4mico e Social (BNDES), Paulo Rabello de Castro. At\u00e9 o final do ano, est\u00e3o previstas outras palestras. Com 208 anos, a Casa do Bar\u00e3o de Mau\u00e1, como tamb\u00e9m \u00e9 chamada a ACRJ,&nbsp;al\u00e9m de ser a mais antiga institui\u00e7\u00e3o&nbsp;do g\u00eanero, \u00e9 a \u00fanica a&nbsp;acolher todos os setores da economia&nbsp;e da sociedade civil, que&nbsp;juntos poder\u00e3o superar o desafio&nbsp;imposto pela crise atual.<\/p>\n","protected":false},"excerpt":{"rendered":"<p>Com humor e carisma, Bernardinho, ex-t\u00e9cnico da sele\u00e7\u00e3o brasileira de v\u00f4lei, esteve nesta segunda-feira, dia 28, na Associa\u00e7\u00e3o Comercial do Rio de Janeiro (ACRJ). O&hellip;<\/p>\n","protected":false},"author":1,"featured_media":2445,"comment_status":"closed","ping_status":"closed","sticky":false,"template":"","format":"standard","meta":{"_exactmetrics_skip_tracking":false,"_exactmetrics_sitenote_active":false,"_exactmetrics_sitenote_note":"","_exactmetrics_sitenote_category":0,"footnotes":""},"categories":[10],"tags":[],"class_list":["post-2444","post","type-post","status-publish","format-standard","has-post-thumbnail","hentry","category-noticias"],"_links":{"self":[{"href":"https:\/\/acrj.org.br\/index.php\/wp-json\/wp\/v2\/posts\/2444","targetHints":{"allow":["GET"]}}],"collection":[{"href":"https:\/\/acrj.org.br\/index.php\/wp-json\/wp\/v2\/posts"}],"about":[{"href":"https:\/\/acrj.org.br\/index.php\/wp-json\/wp\/v2\/types\/post"}],"author":[{"embeddable":true,"href":"https:\/\/acrj.org.br\/index.php\/wp-json\/wp\/v2\/users\/1"}],"replies":[{"embeddable":true,"href":"https:\/\/acrj.org.br\/index.php\/wp-json\/wp\/v2\/comments?post=2444"}],"version-history":[{"count":0,"href":"https:\/\/acrj.org.br\/index.php\/wp-json\/wp\/v2\/posts\/2444\/revisions"}],"wp:featuredmedia":[{"embeddable":true,"href":"https:\/\/acrj.org.br\/index.php\/wp-json\/wp\/v2\/media\/2445"}],"wp:attachment":[{"href":"https:\/\/acrj.org.br\/index.php\/wp-json\/wp\/v2\/media?parent=2444"}],"wp:term":[{"taxonomy":"category","embeddable":true,"href":"https:\/\/acrj.org.br\/index.php\/wp-json\/wp\/v2\/categories?post=2444"},{"taxonomy":"post_tag","embeddable":true,"href":"https:\/\/acrj.org.br\/index.php\/wp-json\/wp\/v2\/tags?post=2444"}],"curies":[{"name":"wp","href":"https:\/\/api.w.org\/{rel}","templated":true}]}}