{"id":24392,"date":"2024-04-10T11:51:20","date_gmt":"2024-04-10T14:51:20","guid":{"rendered":"https:\/\/acrj.org.br\/?p=24392"},"modified":"2025-03-18T10:35:05","modified_gmt":"2025-03-18T13:35:05","slug":"subsecretaria-da-seop-recebe-sugestoes-do-conselho-do-parque-da-orla-para-melhoria-da-operacao-nas-praias","status":"publish","type":"post","link":"https:\/\/acrj.org.br\/index.php\/2024\/04\/10\/subsecretaria-da-seop-recebe-sugestoes-do-conselho-do-parque-da-orla-para-melhoria-da-operacao-nas-praias\/","title":{"rendered":"Subsecret\u00e1ria da SEOP recebe sugest\u00f5es do Conselho do Parque da Orla para melhoria da opera\u00e7\u00e3o"},"content":{"rendered":"\n<p>O Conselho Empresarial do Parque da Orla da ACRJ realizou sua primeira reuni\u00e3o de trabalho nesta 3 feira (9\/4), ap\u00f3s a posse em mar\u00e7o. O presidente do Conselho, Jo\u00e3o Marcello Barreto, e o vice, Leonardo Maciel, coordenaram o encontro que contou com a participa\u00e7\u00e3o da subsecret\u00e1ria de Assuntos Institucionais da SEOP (Secretaria Municipal de Ordem P\u00fablica), Beatrice Charpentier.<\/p>\n\n\n\n<p>Os conselheiros fizeram v\u00e1rias sugest\u00f5es para melhorar a opera\u00e7\u00e3o de quiosques, barracas e atividades esportivas na Orla do Rio. Algumas delas foram recorrentes, como as quest\u00f5es de melhoria da seguran\u00e7a para quem frequenta e trabalha na Orla e da abordagem da fiscaliza\u00e7\u00e3o da SEOP. \u201cO Parque da Orla \u00e9 a maior \u00e1rea de lazer da cidade e o espa\u00e7o mais democr\u00e1tico da cidade. A popula\u00e7\u00e3o \u00e9 a dona daquele espa\u00e7o. A Seguran\u00e7a \u00e9 prioridade, assim como o combate ao com\u00e9rcio ambulante irregular\u201d, disse Jo\u00e3o Marcello, enumerando apenas duas quest\u00f5es que afetam os neg\u00f3cios na Orla.<\/p>\n\n\n\n<p>Outros problemas apontados pelos conselheiros se referem ao ordenamento p\u00fablico nas praias, \u00e0 legaliza\u00e7\u00e3o de barraqueiros, ao aumento de controle de a\u00e7\u00f5es ilegais, como roubos e furtos e venda de material sem proced\u00eancia. Al\u00e9m disso, operadores da Barra destacaram a falta de conserva\u00e7\u00e3o de algumas \u00e1reas com vegeta\u00e7\u00e3o, que tem atra\u00eddo moradores de rua e pessoas que praticam pequenos furtos, afetando a frequ\u00eancia no local. Tamb\u00e9m foi sugerida uma ronda com a\u00e7\u00e3o mais ostensiva em toda a Orla, inibindo e prevenindo diversos casos de viol\u00eancia.<\/p>\n\n\n\n<p>Os operadores da \u00e1rea esportiva tamb\u00e9m pediram a aten\u00e7\u00e3o da SEOP para os problemas causados ap\u00f3s os grandes eventos realizados na praia. Segundo eles, nessas ocasi\u00f5es s\u00e3o encontrados diversos materiais na areia, como pregos, parafusos, restos de ferro e madeira, entre outros itens, que j\u00e1 causaram acidente aos esportistas.<\/p>\n\n\n\n<p>Os conselheiros ainda mencionaram a import\u00e2ncia de uma melhor comunica\u00e7\u00e3o e divulga\u00e7\u00e3o de regras de conduta para os frequentadores das praias, sejam moradores ou turistas. Segundo eles, ainda h\u00e1 muitas quest\u00f5es a serem resolvidas por falta de uma maior conscientiza\u00e7\u00e3o da popula\u00e7\u00e3o. Como exemplo foi citado o recolhimento do lixo gerado durante a perman\u00eancia na praia para destina\u00e7\u00e3o correta por parte dos usu\u00e1rios.<\/p>\n\n\n\n<p>A subsecret\u00e1ria ouviu todas as sugest\u00f5es e pondera\u00e7\u00f5es feitas pelos conselheiros. E garantiu que todas ser\u00e3o encaminhadas ao secret\u00e1rio Brenno Carnevale para provid\u00eancias.<\/p>\n\n\n\n<p>Jo\u00e3o Marcello finalizou ressaltando que quem atua de forma ilegal ou irregular \u201cn\u00e3o pode trabalhar na praia e afrontar quem paga seus impostos, como vem acontecendo frequentemente\u201d. Ao final da reuni\u00e3o, os presidentes da ACRJ, Josier Vilar e do Conselho Superior, Ruy Barreto Filho, participaram da diploma\u00e7\u00e3o dos conselheiros que n\u00e3o receberam seu diploma no evento de instala\u00e7\u00e3o do Conselho.<\/p>\n\n\n\n<figure class=\"wp-block-image size-large is-resized\"><img fetchpriority=\"high\" decoding=\"async\" width=\"1024\" height=\"575\" src=\"https:\/\/acrj.org.br\/wp-content\/uploads\/2024\/04\/sub-SEOP-1024x575.jpg\" alt=\"\" class=\"wp-image-24400\" style=\"width:346px;height:auto\" srcset=\"https:\/\/acrj.org.br\/wp-content\/uploads\/2024\/04\/sub-SEOP-1024x575.jpg 1024w, https:\/\/acrj.org.br\/wp-content\/uploads\/2024\/04\/sub-SEOP-300x168.jpg 300w, https:\/\/acrj.org.br\/wp-content\/uploads\/2024\/04\/sub-SEOP-768x431.jpg 768w, https:\/\/acrj.org.br\/wp-content\/uploads\/2024\/04\/sub-SEOP-1536x862.jpg 1536w, https:\/\/acrj.org.br\/wp-content\/uploads\/2024\/04\/sub-SEOP-2048x1150.jpg 2048w, https:\/\/acrj.org.br\/wp-content\/uploads\/2024\/04\/sub-SEOP-600x337.jpg 600w\" sizes=\"(max-width: 1024px) 100vw, 1024px\" \/><figcaption class=\"wp-element-caption\">Jo\u00e3o Marcello e Beatrice Charpentier<\/figcaption><\/figure>\n\n\n\n<figure class=\"wp-block-image size-large is-resized\"><img decoding=\"async\" width=\"1024\" height=\"461\" src=\"https:\/\/acrj.org.br\/wp-content\/uploads\/2024\/04\/josier2-1024x461.jpg\" alt=\"\" class=\"wp-image-24407\" style=\"width:348px;height:auto\" srcset=\"https:\/\/acrj.org.br\/wp-content\/uploads\/2024\/04\/josier2-1024x461.jpg 1024w, https:\/\/acrj.org.br\/wp-content\/uploads\/2024\/04\/josier2-300x135.jpg 300w, https:\/\/acrj.org.br\/wp-content\/uploads\/2024\/04\/josier2-768x346.jpg 768w, https:\/\/acrj.org.br\/wp-content\/uploads\/2024\/04\/josier2-1536x691.jpg 1536w, https:\/\/acrj.org.br\/wp-content\/uploads\/2024\/04\/josier2-600x270.jpg 600w, https:\/\/acrj.org.br\/wp-content\/uploads\/2024\/04\/josier2.jpg 2000w\" sizes=\"(max-width: 1024px) 100vw, 1024px\" \/><figcaption class=\"wp-element-caption\">Josier Vilar e Ruy Barreto Filho participaram da reuni\u00e3o<\/figcaption><\/figure>\n\n\n\n<figure class=\"wp-block-image size-large is-resized\"><img decoding=\"async\" width=\"1024\" height=\"461\" src=\"https:\/\/acrj.org.br\/wp-content\/uploads\/2024\/04\/mesa-1-1024x461.jpg\" alt=\"\" class=\"wp-image-24402\" style=\"width:350px;height:auto\" srcset=\"https:\/\/acrj.org.br\/wp-content\/uploads\/2024\/04\/mesa-1-1024x461.jpg 1024w, https:\/\/acrj.org.br\/wp-content\/uploads\/2024\/04\/mesa-1-300x135.jpg 300w, https:\/\/acrj.org.br\/wp-content\/uploads\/2024\/04\/mesa-1-768x346.jpg 768w, https:\/\/acrj.org.br\/wp-content\/uploads\/2024\/04\/mesa-1-1536x691.jpg 1536w, https:\/\/acrj.org.br\/wp-content\/uploads\/2024\/04\/mesa-1-600x270.jpg 600w, https:\/\/acrj.org.br\/wp-content\/uploads\/2024\/04\/mesa-1.jpg 2000w\" sizes=\"(max-width: 1024px) 100vw, 1024px\" \/><\/figure>\n\n\n\n<figure class=\"wp-block-image size-large is-resized\"><img loading=\"lazy\" decoding=\"async\" width=\"1024\" height=\"461\" src=\"https:\/\/acrj.org.br\/wp-content\/uploads\/2024\/04\/mesa2-1-1024x461.jpg\" alt=\"\" class=\"wp-image-24403\" style=\"width:353px;height:auto\" srcset=\"https:\/\/acrj.org.br\/wp-content\/uploads\/2024\/04\/mesa2-1-1024x461.jpg 1024w, https:\/\/acrj.org.br\/wp-content\/uploads\/2024\/04\/mesa2-1-300x135.jpg 300w, https:\/\/acrj.org.br\/wp-content\/uploads\/2024\/04\/mesa2-1-768x346.jpg 768w, https:\/\/acrj.org.br\/wp-content\/uploads\/2024\/04\/mesa2-1-1536x691.jpg 1536w, https:\/\/acrj.org.br\/wp-content\/uploads\/2024\/04\/mesa2-1-600x270.jpg 600w, https:\/\/acrj.org.br\/wp-content\/uploads\/2024\/04\/mesa2-1.jpg 2000w\" sizes=\"(max-width: 1024px) 100vw, 1024px\" \/><\/figure>\n","protected":false},"excerpt":{"rendered":"<p>O Conselho Empresarial do Parque da Orla da ACRJ realizou sua primeira reuni\u00e3o de trabalho nesta 3 feira (9\/4), ap\u00f3s a posse em mar\u00e7o. O&hellip;<\/p>\n","protected":false},"author":3,"featured_media":24394,"comment_status":"closed","ping_status":"closed","sticky":false,"template":"","format":"standard","meta":{"_exactmetrics_skip_tracking":false,"_exactmetrics_sitenote_active":false,"_exactmetrics_sitenote_note":"","_exactmetrics_sitenote_category":0,"footnotes":""},"categories":[56,10],"tags":[],"class_list":["post-24392","post","type-post","status-publish","format-standard","has-post-thumbnail","hentry","category-destaque_conselhos","category-noticias"],"_links":{"self":[{"href":"https:\/\/acrj.org.br\/index.php\/wp-json\/wp\/v2\/posts\/24392","targetHints":{"allow":["GET"]}}],"collection":[{"href":"https:\/\/acrj.org.br\/index.php\/wp-json\/wp\/v2\/posts"}],"about":[{"href":"https:\/\/acrj.org.br\/index.php\/wp-json\/wp\/v2\/types\/post"}],"author":[{"embeddable":true,"href":"https:\/\/acrj.org.br\/index.php\/wp-json\/wp\/v2\/users\/3"}],"replies":[{"embeddable":true,"href":"https:\/\/acrj.org.br\/index.php\/wp-json\/wp\/v2\/comments?post=24392"}],"version-history":[{"count":0,"href":"https:\/\/acrj.org.br\/index.php\/wp-json\/wp\/v2\/posts\/24392\/revisions"}],"wp:featuredmedia":[{"embeddable":true,"href":"https:\/\/acrj.org.br\/index.php\/wp-json\/wp\/v2\/media\/24394"}],"wp:attachment":[{"href":"https:\/\/acrj.org.br\/index.php\/wp-json\/wp\/v2\/media?parent=24392"}],"wp:term":[{"taxonomy":"category","embeddable":true,"href":"https:\/\/acrj.org.br\/index.php\/wp-json\/wp\/v2\/categories?post=24392"},{"taxonomy":"post_tag","embeddable":true,"href":"https:\/\/acrj.org.br\/index.php\/wp-json\/wp\/v2\/tags?post=24392"}],"curies":[{"name":"wp","href":"https:\/\/api.w.org\/{rel}","templated":true}]}}