{"id":24376,"date":"2024-04-09T21:00:00","date_gmt":"2024-04-10T00:00:00","guid":{"rendered":"https:\/\/acrj.org.br\/?p=24376"},"modified":"2024-12-22T20:09:33","modified_gmt":"2024-12-22T23:09:33","slug":"esta-no-ar-o-episodio-sobre-investimentos-privados-do-podcast-rj-mais-negocios-acrj","status":"publish","type":"post","link":"https:\/\/acrj.org.br\/index.php\/2024\/04\/09\/esta-no-ar-o-episodio-sobre-investimentos-privados-do-podcast-rj-mais-negocios-acrj\/","title":{"rendered":"Est\u00e1 no ar o epis\u00f3dio sobre investimentos privados do Podcast RJ Mais Neg\u00f3cios ACRJ"},"content":{"rendered":"\n<p>Acompanhe o novo epis\u00f3dio do Podcast RJ Mais Neg\u00f3cios ACRJ, que abordou os investimentos privados no Rio de Janeiro. Participam Gabriel Kropsch, presidente do Conselho de Energia e Transi\u00e7\u00e3o Energ\u00e9tica da ACRJ, os empres\u00e1rios e investidores Eduardo Gouveia e Samyr Castro e o presidente do Codeports, Ednei de Oliveira.<\/p>\n\n\n\n<p>Assista pelo Canal ACRJ Divulga. <strong><a href=\"https:\/\/youtu.be\/UxnGVcdga34\">Acesse aqui<\/a><\/strong><\/p>\n","protected":false},"excerpt":{"rendered":"<p>Acompanhe o novo epis\u00f3dio do Podcast RJ Mais Neg\u00f3cios ACRJ, que abordou os investimentos privados no Rio de Janeiro. Participam Gabriel Kropsch, presidente do Conselho&hellip;<\/p>\n","protected":false},"author":3,"featured_media":23873,"comment_status":"closed","ping_status":"closed","sticky":false,"template":"","format":"standard","meta":{"_exactmetrics_skip_tracking":false,"_exactmetrics_sitenote_active":false,"_exactmetrics_sitenote_note":"","_exactmetrics_sitenote_category":0,"footnotes":""},"categories":[10],"tags":[],"class_list":["post-24376","post","type-post","status-publish","format-standard","has-post-thumbnail","hentry","category-noticias"],"_links":{"self":[{"href":"https:\/\/acrj.org.br\/index.php\/wp-json\/wp\/v2\/posts\/24376","targetHints":{"allow":["GET"]}}],"collection":[{"href":"https:\/\/acrj.org.br\/index.php\/wp-json\/wp\/v2\/posts"}],"about":[{"href":"https:\/\/acrj.org.br\/index.php\/wp-json\/wp\/v2\/types\/post"}],"author":[{"embeddable":true,"href":"https:\/\/acrj.org.br\/index.php\/wp-json\/wp\/v2\/users\/3"}],"replies":[{"embeddable":true,"href":"https:\/\/acrj.org.br\/index.php\/wp-json\/wp\/v2\/comments?post=24376"}],"version-history":[{"count":0,"href":"https:\/\/acrj.org.br\/index.php\/wp-json\/wp\/v2\/posts\/24376\/revisions"}],"wp:featuredmedia":[{"embeddable":true,"href":"https:\/\/acrj.org.br\/index.php\/wp-json\/wp\/v2\/media\/23873"}],"wp:attachment":[{"href":"https:\/\/acrj.org.br\/index.php\/wp-json\/wp\/v2\/media?parent=24376"}],"wp:term":[{"taxonomy":"category","embeddable":true,"href":"https:\/\/acrj.org.br\/index.php\/wp-json\/wp\/v2\/categories?post=24376"},{"taxonomy":"post_tag","embeddable":true,"href":"https:\/\/acrj.org.br\/index.php\/wp-json\/wp\/v2\/tags?post=24376"}],"curies":[{"name":"wp","href":"https:\/\/api.w.org\/{rel}","templated":true}]}}