{"id":2428,"date":"2017-09-22T18:00:00","date_gmt":"2017-09-22T21:00:00","guid":{"rendered":"http:\/\/acrj2020.profissional.ws\/?p=2428"},"modified":"2021-01-28T10:47:35","modified_gmt":"2021-01-28T13:47:35","slug":"presidente-da-acrj-recebe-titulo-de-benemerita-da-camara-de-comercio-brasil-chile","status":"publish","type":"post","link":"https:\/\/acrj.org.br\/index.php\/2017\/09\/22\/presidente-da-acrj-recebe-titulo-de-benemerita-da-camara-de-comercio-brasil-chile\/","title":{"rendered":"Presidente da ACRJ recebe t\u00edtulo de Benem\u00e9rita da C\u00e2mara de Com\u00e9rcio Brasil-Chile"},"content":{"rendered":"\n<p>A presidente da Associa\u00e7\u00e3o Comercial do Rio de Janeiro (ACRJ), Angela Costa, foi condecorada com o t\u00edtulo de Benem\u00e9rita da C\u00e2mara de Com\u00e9rcio, Ind\u00fastria e Turismo Brasil- Chile, durante o ato de posse da nova diretoria da entidade. Emocionada, a presidente explicou que se trata de uma homenagem not\u00e1vel. \u201cEu me sinto sensibilizada por receber esse t\u00edtulo num dia muito especial: o Dia Nacional do Chile\u201d, afirma a presidente da ACRJ.<\/p>\n\n\n\n<p>Ela participou da cerim\u00f4nia de posse da nova diretoria da entidade, que tem como novo presidente o empres\u00e1rio Marcos Andr\u00e9 Gon\u00e7alves.&nbsp;A celebra\u00e7\u00e3o aconteceu na segunda-feira, dia 18 de setembro. Nesta data \u00e9 comemorado o Dia Nacional do Chile. Na ocasi\u00e3o, a ACRJ celebrou o retorno da C\u00e2mara de Com\u00e9rcio, Ind\u00fastria e Turismo Brasil-Chile \u00e0 Casa de Mau\u00e1.<\/p>\n\n\n\n<p>O vice-presidente do Conselho Superior da entidade, Marco Polo Moreira Leite, enalteceu a volta das C\u00e2maras Bilaterais de diversos pa\u00edses e afirmou que Brasil e Chile s\u00e3o os motores para o com\u00e9rcio no Mercosul com outros continentes. \u201cA Associa\u00e7\u00e3o Comercial \u00e9 a sede das C\u00e2maras de Com\u00e9rcio do Brasil. \u00c9 antiga essa rela\u00e7\u00e3o e n\u00f3s resolvemos reativ\u00e1-las. S\u00e3o mais de 20. Considero fundamentais esse retorno, principalmente, as C\u00e2maras de pa\u00edses da Am\u00e9rica do Sul\u201d, explica Moreira Leite.<\/p>\n","protected":false},"excerpt":{"rendered":"<p>A presidente da Associa\u00e7\u00e3o Comercial do Rio de Janeiro (ACRJ), Angela Costa, foi condecorada com o t\u00edtulo de Benem\u00e9rita da C\u00e2mara de Com\u00e9rcio, Ind\u00fastria e&hellip;<\/p>\n","protected":false},"author":1,"featured_media":2429,"comment_status":"closed","ping_status":"closed","sticky":false,"template":"","format":"standard","meta":{"_exactmetrics_skip_tracking":false,"_exactmetrics_sitenote_active":false,"_exactmetrics_sitenote_note":"","_exactmetrics_sitenote_category":0,"footnotes":""},"categories":[10],"tags":[],"class_list":["post-2428","post","type-post","status-publish","format-standard","has-post-thumbnail","hentry","category-noticias"],"_links":{"self":[{"href":"https:\/\/acrj.org.br\/index.php\/wp-json\/wp\/v2\/posts\/2428","targetHints":{"allow":["GET"]}}],"collection":[{"href":"https:\/\/acrj.org.br\/index.php\/wp-json\/wp\/v2\/posts"}],"about":[{"href":"https:\/\/acrj.org.br\/index.php\/wp-json\/wp\/v2\/types\/post"}],"author":[{"embeddable":true,"href":"https:\/\/acrj.org.br\/index.php\/wp-json\/wp\/v2\/users\/1"}],"replies":[{"embeddable":true,"href":"https:\/\/acrj.org.br\/index.php\/wp-json\/wp\/v2\/comments?post=2428"}],"version-history":[{"count":0,"href":"https:\/\/acrj.org.br\/index.php\/wp-json\/wp\/v2\/posts\/2428\/revisions"}],"wp:featuredmedia":[{"embeddable":true,"href":"https:\/\/acrj.org.br\/index.php\/wp-json\/wp\/v2\/media\/2429"}],"wp:attachment":[{"href":"https:\/\/acrj.org.br\/index.php\/wp-json\/wp\/v2\/media?parent=2428"}],"wp:term":[{"taxonomy":"category","embeddable":true,"href":"https:\/\/acrj.org.br\/index.php\/wp-json\/wp\/v2\/categories?post=2428"},{"taxonomy":"post_tag","embeddable":true,"href":"https:\/\/acrj.org.br\/index.php\/wp-json\/wp\/v2\/tags?post=2428"}],"curies":[{"name":"wp","href":"https:\/\/api.w.org\/{rel}","templated":true}]}}