{"id":24261,"date":"2024-04-05T16:56:18","date_gmt":"2024-04-05T19:56:18","guid":{"rendered":"https:\/\/acrj.org.br\/?p=24261"},"modified":"2025-04-11T00:10:30","modified_gmt":"2025-04-11T03:10:30","slug":"conselho-de-energia-da-acrj-participa-de-forum-nacional-sobre-transicao-energetica-2","status":"publish","type":"post","link":"https:\/\/acrj.org.br\/index.php\/2024\/04\/05\/conselho-de-energia-da-acrj-participa-de-forum-nacional-sobre-transicao-energetica-2\/","title":{"rendered":"Conselho de Energia da ACRJ participa de F\u00f3rum Nacional sobre Transi\u00e7\u00e3o Energ\u00e9tica"},"content":{"rendered":"\n<p>A ACRJ ser\u00e1 representada pelo presidente do Conselho Empresarial de Energia e Transi\u00e7\u00e3o Energ\u00e9tica, Gabriel Kropsch, no F\u00f3rum Nacional Transi\u00e7\u00e3o Energ\u00e9tica, que ser\u00e1 realizado dia 25 de abril, no Rio de Janeiro. O evento vai promover um debate estrat\u00e9gico sobre novos neg\u00f3cios, regula\u00e7\u00e3o, modelos e solu\u00e7\u00f5es. O encontro reunir\u00e1 representantes do Governo e l\u00edderes do setor privado para discutir novas iniciativas e os desafios relacionados \u00e0 transi\u00e7\u00e3o energ\u00e9tica no Brasil.<br>De acordo com Gabriel Kropsch, o objetivo central do F\u00f3rum \u00e9 \u201cfomentar um di\u00e1logo qualificado e enriquecedor sobre o novo Plano Nacional de Transi\u00e7\u00e3o Energ\u00e9tica, delineando as estrat\u00e9gias e metas que impactar\u00e3o o futuro da matriz energ\u00e9tica brasileira.\u201d<br>Durante o evento ser\u00e3o apresentadas diferentes vis\u00f5es das oportunidades de novos neg\u00f3cios, destacando casos de sucesso e melhores modelos que est\u00e3o solidificando a multiplicidade das matrizes energ\u00e9ticas.<br>O evento conta com o apoio da ACRJ e seus Associados possuem desconto diferenciado na inscri\u00e7\u00e3o. Para mais informa\u00e7\u00f5es, entre em contato pelo whatsapp: (11) 99766-3153.<\/p>\n\n\n\n<p><strong>Servi\u00e7o<\/strong><br>Dia: 25 de Abril de 2024<br>Hor\u00e1rio: 8h30 \u00e0s 18h00<br>Evento Presencial: Hotel Rio Othon Palace (Av. Atl\u00e2ntica,3264 &#8211; Copacabana | RJ)<\/p>\n","protected":false},"excerpt":{"rendered":"<p>A ACRJ ser\u00e1 representada pelo presidente do Conselho Empresarial de Energia e Transi\u00e7\u00e3o Energ\u00e9tica, Gabriel Kropsch, no F\u00f3rum Nacional Transi\u00e7\u00e3o Energ\u00e9tica, que ser\u00e1 realizado dia&hellip;<\/p>\n","protected":false},"author":3,"featured_media":24262,"comment_status":"closed","ping_status":"closed","sticky":false,"template":"","format":"standard","meta":{"_exactmetrics_skip_tracking":false,"_exactmetrics_sitenote_active":false,"_exactmetrics_sitenote_note":"","_exactmetrics_sitenote_category":0,"footnotes":""},"categories":[56,10],"tags":[],"class_list":["post-24261","post","type-post","status-publish","format-standard","has-post-thumbnail","hentry","category-destaque_conselhos","category-noticias"],"_links":{"self":[{"href":"https:\/\/acrj.org.br\/index.php\/wp-json\/wp\/v2\/posts\/24261","targetHints":{"allow":["GET"]}}],"collection":[{"href":"https:\/\/acrj.org.br\/index.php\/wp-json\/wp\/v2\/posts"}],"about":[{"href":"https:\/\/acrj.org.br\/index.php\/wp-json\/wp\/v2\/types\/post"}],"author":[{"embeddable":true,"href":"https:\/\/acrj.org.br\/index.php\/wp-json\/wp\/v2\/users\/3"}],"replies":[{"embeddable":true,"href":"https:\/\/acrj.org.br\/index.php\/wp-json\/wp\/v2\/comments?post=24261"}],"version-history":[{"count":0,"href":"https:\/\/acrj.org.br\/index.php\/wp-json\/wp\/v2\/posts\/24261\/revisions"}],"wp:featuredmedia":[{"embeddable":true,"href":"https:\/\/acrj.org.br\/index.php\/wp-json\/wp\/v2\/media\/24262"}],"wp:attachment":[{"href":"https:\/\/acrj.org.br\/index.php\/wp-json\/wp\/v2\/media?parent=24261"}],"wp:term":[{"taxonomy":"category","embeddable":true,"href":"https:\/\/acrj.org.br\/index.php\/wp-json\/wp\/v2\/categories?post=24261"},{"taxonomy":"post_tag","embeddable":true,"href":"https:\/\/acrj.org.br\/index.php\/wp-json\/wp\/v2\/tags?post=24261"}],"curies":[{"name":"wp","href":"https:\/\/api.w.org\/{rel}","templated":true}]}}