{"id":24082,"date":"2024-04-02T12:07:42","date_gmt":"2024-04-02T15:07:42","guid":{"rendered":"https:\/\/acrj.org.br\/?p=24082"},"modified":"2024-04-04T16:42:19","modified_gmt":"2024-04-04T19:42:19","slug":"negocios-de-impacto-no-podcast-rj-mais-da-acrj","status":"publish","type":"post","link":"https:\/\/acrj.org.br\/index.php\/2024\/04\/02\/negocios-de-impacto-no-podcast-rj-mais-da-acrj\/","title":{"rendered":"Neg\u00f3cios de Impacto no Podcast RJ Mais Neg\u00f3cios ACRJ"},"content":{"rendered":"\n<p>O CEO do Delivery das Favelas, Anderson Marcelo, e o vice-presidente do Conselho de Comunidades, Novos Neg\u00f3cios e Economia Solid\u00e1ria da ACRJ, Robson Santos, participaram do Podcast RJ Mais Neg\u00f3cios ACRJ, que abordou os neg\u00f3cios de impacto nas favelas do Rio de Janeiro. Eles ajudam a resolver muitos dos nossos problemas sociais, mas ainda h\u00e1 barreiras a serem ultrapassadas. Confira tudo neste epis\u00f3dio.<\/p>\n\n\n\n<p>Dispon\u00edvel no Canal ACRJ Divulga. <strong><a href=\"https:\/\/youtu.be\/B5QblaiS3Oo\">Acesse aqui<\/a><\/strong><\/p>\n","protected":false},"excerpt":{"rendered":"<p>O CEO do Delivery das Favelas, Anderson Marcelo, e o vice-presidente do Conselho de Comunidades, Novos Neg\u00f3cios e Economia Solid\u00e1ria da ACRJ, Robson Santos, participaram&hellip;<\/p>\n","protected":false},"author":3,"featured_media":23873,"comment_status":"closed","ping_status":"closed","sticky":false,"template":"","format":"standard","meta":{"_exactmetrics_skip_tracking":false,"_exactmetrics_sitenote_active":false,"_exactmetrics_sitenote_note":"","_exactmetrics_sitenote_category":0,"footnotes":""},"categories":[10],"tags":[],"class_list":["post-24082","post","type-post","status-publish","format-standard","has-post-thumbnail","hentry","category-noticias"],"_links":{"self":[{"href":"https:\/\/acrj.org.br\/index.php\/wp-json\/wp\/v2\/posts\/24082","targetHints":{"allow":["GET"]}}],"collection":[{"href":"https:\/\/acrj.org.br\/index.php\/wp-json\/wp\/v2\/posts"}],"about":[{"href":"https:\/\/acrj.org.br\/index.php\/wp-json\/wp\/v2\/types\/post"}],"author":[{"embeddable":true,"href":"https:\/\/acrj.org.br\/index.php\/wp-json\/wp\/v2\/users\/3"}],"replies":[{"embeddable":true,"href":"https:\/\/acrj.org.br\/index.php\/wp-json\/wp\/v2\/comments?post=24082"}],"version-history":[{"count":0,"href":"https:\/\/acrj.org.br\/index.php\/wp-json\/wp\/v2\/posts\/24082\/revisions"}],"wp:featuredmedia":[{"embeddable":true,"href":"https:\/\/acrj.org.br\/index.php\/wp-json\/wp\/v2\/media\/23873"}],"wp:attachment":[{"href":"https:\/\/acrj.org.br\/index.php\/wp-json\/wp\/v2\/media?parent=24082"}],"wp:term":[{"taxonomy":"category","embeddable":true,"href":"https:\/\/acrj.org.br\/index.php\/wp-json\/wp\/v2\/categories?post=24082"},{"taxonomy":"post_tag","embeddable":true,"href":"https:\/\/acrj.org.br\/index.php\/wp-json\/wp\/v2\/tags?post=24082"}],"curies":[{"name":"wp","href":"https:\/\/api.w.org\/{rel}","templated":true}]}}