{"id":2405,"date":"2017-10-18T17:42:00","date_gmt":"2017-10-18T19:42:00","guid":{"rendered":"http:\/\/acrj2020.profissional.ws\/?p=2405"},"modified":"2021-01-28T10:46:16","modified_gmt":"2021-01-28T13:46:16","slug":"acrj-recebe-presidente-da-petrobras-para-o-almoco-do-empresario","status":"publish","type":"post","link":"https:\/\/acrj.org.br\/index.php\/2017\/10\/18\/acrj-recebe-presidente-da-petrobras-para-o-almoco-do-empresario\/","title":{"rendered":"ACRJ recebe presidente da Petrobras para o Almo\u00e7o do Empres\u00e1rio"},"content":{"rendered":"\n<p>A Associa\u00e7\u00e3o Comercial do Rio de Janeiro (ACRJ) promove, no dia 31 de outubro, o seu tradicional Almo\u00e7o do Empres\u00e1rio. Para esta edi\u00e7\u00e3o, o convidado de honra ser\u00e1 o atual presidente da Petrobras, Pedro Parente. O tamb\u00e9m ex-ministro far\u00e1 uma palestra sobre sua gest\u00e3o em uma das maiores empresas de energia do mundo. As inscri\u00e7\u00f5es para o Almo\u00e7o do Empres\u00e1rio s\u00e3o LIMITADAS e ASSOCIADOS ACRJ possuem desconto nas ades\u00f5es. O encontro acontece \u00e0s 11:30h; na Casa do Empres\u00e1rio.<\/p>\n\n\n\n<p><strong>Servi\u00e7o<\/strong><br>Almo\u00e7o do Empres\u00e1rio &#8211; Pedro Parente<br>Data: 31 de outubro<br>Hor\u00e1rio: 11:30h<br>Local: ACRJ &#8211; Rua Candel\u00e1ria 9, Centro &#8211; RJ<br>Informa\u00e7\u00f5es: (21) 2514-1280 ou&nbsp;<a href=\"mailto:eventos@acrj.org.br\">eventos@acrj.org.br<\/a><\/p>\n","protected":false},"excerpt":{"rendered":"<p>A Associa\u00e7\u00e3o Comercial do Rio de Janeiro (ACRJ) promove, no dia 31 de outubro, o seu tradicional Almo\u00e7o do Empres\u00e1rio. Para esta edi\u00e7\u00e3o, o convidado&hellip;<\/p>\n","protected":false},"author":1,"featured_media":2406,"comment_status":"closed","ping_status":"closed","sticky":false,"template":"","format":"standard","meta":{"_exactmetrics_skip_tracking":false,"_exactmetrics_sitenote_active":false,"_exactmetrics_sitenote_note":"","_exactmetrics_sitenote_category":0,"footnotes":""},"categories":[10],"tags":[],"class_list":["post-2405","post","type-post","status-publish","format-standard","has-post-thumbnail","hentry","category-noticias"],"_links":{"self":[{"href":"https:\/\/acrj.org.br\/index.php\/wp-json\/wp\/v2\/posts\/2405","targetHints":{"allow":["GET"]}}],"collection":[{"href":"https:\/\/acrj.org.br\/index.php\/wp-json\/wp\/v2\/posts"}],"about":[{"href":"https:\/\/acrj.org.br\/index.php\/wp-json\/wp\/v2\/types\/post"}],"author":[{"embeddable":true,"href":"https:\/\/acrj.org.br\/index.php\/wp-json\/wp\/v2\/users\/1"}],"replies":[{"embeddable":true,"href":"https:\/\/acrj.org.br\/index.php\/wp-json\/wp\/v2\/comments?post=2405"}],"version-history":[{"count":0,"href":"https:\/\/acrj.org.br\/index.php\/wp-json\/wp\/v2\/posts\/2405\/revisions"}],"wp:featuredmedia":[{"embeddable":true,"href":"https:\/\/acrj.org.br\/index.php\/wp-json\/wp\/v2\/media\/2406"}],"wp:attachment":[{"href":"https:\/\/acrj.org.br\/index.php\/wp-json\/wp\/v2\/media?parent=2405"}],"wp:term":[{"taxonomy":"category","embeddable":true,"href":"https:\/\/acrj.org.br\/index.php\/wp-json\/wp\/v2\/categories?post=2405"},{"taxonomy":"post_tag","embeddable":true,"href":"https:\/\/acrj.org.br\/index.php\/wp-json\/wp\/v2\/tags?post=2405"}],"curies":[{"name":"wp","href":"https:\/\/api.w.org\/{rel}","templated":true}]}}