{"id":2402,"date":"2017-10-23T17:40:00","date_gmt":"2017-10-23T19:40:00","guid":{"rendered":"http:\/\/acrj2020.profissional.ws\/?p=2402"},"modified":"2021-01-28T10:46:09","modified_gmt":"2021-01-28T13:46:09","slug":"dois-dedos-de-prosa-angela-costa","status":"publish","type":"post","link":"https:\/\/acrj.org.br\/index.php\/2017\/10\/23\/dois-dedos-de-prosa-angela-costa\/","title":{"rendered":"Dois dedos de prosa &#8211; Angela Costa"},"content":{"rendered":"\n<p><strong>Fale sobre voc\u00ea.<\/strong><\/p>\n\n\n\n<p>Sou carioca, tenho 64 anos, e sou av\u00f3 de trig\u00eameos! Como boa leonina, sigo firme com minhas ideias.<\/p>\n\n\n\n<p><strong>Como a sociedade pode contribuir para a recupera\u00e7\u00e3o econ\u00f4mica do Rio?<\/strong><\/p>\n\n\n\n<p>Temos que unir for\u00e7as e fortalecer a nossa representa\u00e7\u00e3o. N\u00f3s, cidad\u00e3os, temos um papel fundamental de apresentar sugest\u00f5es para mudan\u00e7a na economia, pol\u00edtica e \u00e9tica. Para virar este jogo n\u00e3o adianta ficar apenas criticando governantes.<\/p>\n\n\n\n<p><strong>Como funciona a ACRJ?<\/strong><\/p>\n\n\n\n<p>Somos a Casa do Empres\u00e1rio, n\u00e3o s\u00f3 do com\u00e9rcio. Abra\u00e7amos ind\u00fastria, agricultura, setor financeiro e setores, como sa\u00fade e servi\u00e7o. Nesse momento, a ACRJ trabalha com pulso firme para fortalecer a representa\u00e7\u00e3o empresarial.<\/p>\n\n\n\n<p><strong>Que a\u00e7\u00f5es e parcerias a ACRJ desenvolve para impulsionar nossa economia?<\/strong><\/p>\n\n\n\n<p>Levantamos propostas do setor empresarial para o governo. Nossos conselhos trabalham nesse sentido, trazendo para a ACRJ empres\u00e1rios comprometidos com o desenvolvimento do Brasil.<\/p>\n\n\n\n<p><strong>Fale sobre os encontros e palestras que tem promovido.<\/strong><\/p>\n\n\n\n<p>Temos a felicidade de trazer pessoas relevantes para o pa\u00eds com mensagens de autoestima, supera\u00e7\u00e3o e persist\u00eancia ao empresariado e sociedade fluminense.<\/p>\n\n\n\n<p><strong>Quem mais gostaria de levar?<\/strong><\/p>\n\n\n\n<p>Queremos continuar trazendo pessoas, de todos os segmentos de atua\u00e7\u00e3o, comprometidas com o crescimento do Rio.<\/p>\n\n\n\n<p><strong>Qual \u00e9 seu sonho?<\/strong><\/p>\n\n\n\n<p>Meu sonho \u00e9 ver a Associa\u00e7\u00e3o Comercial sendo reconhecida como a grande porta-voz do empresariado do Brasil.<\/p>\n\n\n\n<p><strong>Um beijo para quem?<\/strong><\/p>\n\n\n\n<p>Meus filhos e meus netos trig\u00eameos.<\/p>\n\n\n\n<p><strong>Entrevista publicada no Jornal O Dia (23\/10)<br><\/strong><em><a href=\"http:\/\/odia.ig.com.br\/diversao\/2017-10-23\/lili-rodriguez-musica-e-festa.html\" target=\"_blank\" rel=\"noreferrer noopener\">Clique aqui para acessar<\/a><\/em><\/p>\n","protected":false},"excerpt":{"rendered":"<p>Fale sobre voc\u00ea. Sou carioca, tenho 64 anos, e sou av\u00f3 de trig\u00eameos! Como boa leonina, sigo firme com minhas ideias. Como a sociedade pode&hellip;<\/p>\n","protected":false},"author":1,"featured_media":2403,"comment_status":"closed","ping_status":"closed","sticky":false,"template":"","format":"standard","meta":{"_exactmetrics_skip_tracking":false,"_exactmetrics_sitenote_active":false,"_exactmetrics_sitenote_note":"","_exactmetrics_sitenote_category":0,"footnotes":""},"categories":[10],"tags":[],"class_list":["post-2402","post","type-post","status-publish","format-standard","has-post-thumbnail","hentry","category-noticias"],"_links":{"self":[{"href":"https:\/\/acrj.org.br\/index.php\/wp-json\/wp\/v2\/posts\/2402","targetHints":{"allow":["GET"]}}],"collection":[{"href":"https:\/\/acrj.org.br\/index.php\/wp-json\/wp\/v2\/posts"}],"about":[{"href":"https:\/\/acrj.org.br\/index.php\/wp-json\/wp\/v2\/types\/post"}],"author":[{"embeddable":true,"href":"https:\/\/acrj.org.br\/index.php\/wp-json\/wp\/v2\/users\/1"}],"replies":[{"embeddable":true,"href":"https:\/\/acrj.org.br\/index.php\/wp-json\/wp\/v2\/comments?post=2402"}],"version-history":[{"count":0,"href":"https:\/\/acrj.org.br\/index.php\/wp-json\/wp\/v2\/posts\/2402\/revisions"}],"wp:featuredmedia":[{"embeddable":true,"href":"https:\/\/acrj.org.br\/index.php\/wp-json\/wp\/v2\/media\/2403"}],"wp:attachment":[{"href":"https:\/\/acrj.org.br\/index.php\/wp-json\/wp\/v2\/media?parent=2402"}],"wp:term":[{"taxonomy":"category","embeddable":true,"href":"https:\/\/acrj.org.br\/index.php\/wp-json\/wp\/v2\/categories?post=2402"},{"taxonomy":"post_tag","embeddable":true,"href":"https:\/\/acrj.org.br\/index.php\/wp-json\/wp\/v2\/tags?post=2402"}],"curies":[{"name":"wp","href":"https:\/\/api.w.org\/{rel}","templated":true}]}}