{"id":23991,"date":"2024-03-28T12:46:35","date_gmt":"2024-03-28T15:46:35","guid":{"rendered":"https:\/\/acrj.org.br\/?p=23991"},"modified":"2024-05-06T17:32:43","modified_gmt":"2024-05-06T20:32:43","slug":"governanca-digital-nas-empresas-sera-debatida-na-acrj","status":"publish","type":"post","link":"https:\/\/acrj.org.br\/index.php\/2024\/03\/28\/governanca-digital-nas-empresas-sera-debatida-na-acrj\/","title":{"rendered":"Governan\u00e7a digital nas empresas ser\u00e1 debatida na ACRJ"},"content":{"rendered":"\n<p>\u201c<strong>Governan\u00e7a Digital nas empresas: como gerar seguran\u00e7a e valor<\/strong>\u201d \u00e9 o tema da palestra promovida dia 5 de abril, \u00e0s 10h, pelo Conselho Empresarial de Governan\u00e7a, Compliance e Diversidade da ACRJ.<\/p>\n\n\n\n<p>O encontro conta com a participa\u00e7\u00e3o do presidente do Conselho de Inova\u00e7\u00e3o, Transforma\u00e7\u00e3o Digital e Tecnologia da ACRJ, J\u00falio Urdangarian; do presidente do Conselho de Ecossistemas de Inova\u00e7\u00e3o e Transforma\u00e7\u00e3o Digital do Estado do Rio de Janeiro; e do diretor de Inova\u00e7\u00e3o e Ensino da Smart 3, Walter Aranha Capanema.<\/p>\n\n\n\n<p>O encontro ser\u00e1 realizado na <strong>sede da ACRJ<\/strong> &#8211; Rua Candel\u00e1ria, 9\/12\u00ba andar. Outras informa\u00e7\u00f5es pelo telefone: 2514-1203.<\/p>\n\n\n\n<p><strong>A palestra \u00e9 gratuita mediante inscri\u00e7\u00e3o pr\u00e9via<\/strong> <strong><a href=\"https:\/\/forms.gle\/hjn3o1N13sKBbbWe9\">neste link<\/a><\/strong><\/p>\n","protected":false},"excerpt":{"rendered":"<p>\u201cGovernan\u00e7a Digital nas empresas: como gerar seguran\u00e7a e valor\u201d \u00e9 o tema da palestra promovida dia 5 de abril, \u00e0s 10h, pelo Conselho Empresarial de&hellip;<\/p>\n","protected":false},"author":3,"featured_media":23992,"comment_status":"closed","ping_status":"closed","sticky":false,"template":"","format":"standard","meta":{"_exactmetrics_skip_tracking":false,"_exactmetrics_sitenote_active":false,"_exactmetrics_sitenote_note":"","_exactmetrics_sitenote_category":0,"footnotes":""},"categories":[83],"tags":[],"class_list":["post-23991","post","type-post","status-publish","format-standard","has-post-thumbnail","hentry","category-eventos_acrj"],"_links":{"self":[{"href":"https:\/\/acrj.org.br\/index.php\/wp-json\/wp\/v2\/posts\/23991","targetHints":{"allow":["GET"]}}],"collection":[{"href":"https:\/\/acrj.org.br\/index.php\/wp-json\/wp\/v2\/posts"}],"about":[{"href":"https:\/\/acrj.org.br\/index.php\/wp-json\/wp\/v2\/types\/post"}],"author":[{"embeddable":true,"href":"https:\/\/acrj.org.br\/index.php\/wp-json\/wp\/v2\/users\/3"}],"replies":[{"embeddable":true,"href":"https:\/\/acrj.org.br\/index.php\/wp-json\/wp\/v2\/comments?post=23991"}],"version-history":[{"count":0,"href":"https:\/\/acrj.org.br\/index.php\/wp-json\/wp\/v2\/posts\/23991\/revisions"}],"wp:featuredmedia":[{"embeddable":true,"href":"https:\/\/acrj.org.br\/index.php\/wp-json\/wp\/v2\/media\/23992"}],"wp:attachment":[{"href":"https:\/\/acrj.org.br\/index.php\/wp-json\/wp\/v2\/media?parent=23991"}],"wp:term":[{"taxonomy":"category","embeddable":true,"href":"https:\/\/acrj.org.br\/index.php\/wp-json\/wp\/v2\/categories?post=23991"},{"taxonomy":"post_tag","embeddable":true,"href":"https:\/\/acrj.org.br\/index.php\/wp-json\/wp\/v2\/tags?post=23991"}],"curies":[{"name":"wp","href":"https:\/\/api.w.org\/{rel}","templated":true}]}}