{"id":23949,"date":"2024-03-27T15:02:22","date_gmt":"2024-03-27T18:02:22","guid":{"rendered":"https:\/\/acrj.org.br\/?p=23949"},"modified":"2024-04-17T13:29:24","modified_gmt":"2024-04-17T16:29:24","slug":"os-diversos-aspectos-do-carnaval-foram-tema-de-debate-no-seminario-do-conselho-de-cultura","status":"publish","type":"post","link":"https:\/\/acrj.org.br\/index.php\/2024\/03\/27\/os-diversos-aspectos-do-carnaval-foram-tema-de-debate-no-seminario-do-conselho-de-cultura\/","title":{"rendered":"Os diversos aspectos do Carnaval foram debatidos no semin\u00e1rio do Conselho de Cultura"},"content":{"rendered":"\n<p>O Carnaval e seus diversos aspectos \u2013 cultural, econ\u00f4mico, tur\u00edstico e art\u00edstico &#8211; &nbsp;foram tema de debate durante o semin\u00e1rio promovido pelo Conselho de Cultura da ACRJ, dia 26 de mar\u00e7o. O encontro reuniu especialistas, estilistas, artistas e produtores culturais da maior festa popular do Brasil.<\/p>\n\n\n\n<p>A abertura do evento contou com a participa\u00e7\u00e3o do presidente da ACRJ, Josier Vilar, do benem\u00e9rito Aldo Gon\u00e7alves, e dos presidentes do Conselho de Cultura, S\u00e9rgio da Costa e Silva, e do Conselho de Comunidades, Novos Neg\u00f3cios e Economia Solid\u00e1ria da ACRJ, Celia Domingues. O debate foi dividido em tr\u00eas pain\u00e9is: Hist\u00f3rias do Brasil na boca do povo, As Escolas de Samba e suas comunidades e Customiza\u00e7\u00e3o: moda e Carnaval.<\/p>\n\n\n\n<p>Falando sobre as Escolas de Samba e suas comunidades, C\u00e9lia Domingues, que tamb\u00e9m \u00e9 diretora da Mangueira, destacou o potencial, n\u00e3o s\u00f3 cultural do Carnaval, como tamb\u00e9m sua for\u00e7a junto ao turismo e, principalmente, \u00e0 economia e aos neg\u00f3cios do Rio de Janeiro.<\/p>\n\n\n\n<p>A carnavalesca Maria Augusta focou sua apresenta\u00e7\u00e3o na contribui\u00e7\u00e3o do Carnaval para a hist\u00f3ria do Brasil, relembrando enredos e sambas-enredos das Escolas de Samba cariocas que abordaram personagens e fatos hist\u00f3ricos. Ela citou os do Salgueiro sobre Xica da Silva e Chico Rei e do Imp\u00e9rio Serrano sobre Tiradentes, entre outros.<\/p>\n\n\n\n<p>O presidente da Federa\u00e7\u00e3o da Ind\u00fastria Criativa Cultural do Carnaval do Estado do Rio de Janeiro, Sergio Firmino, fez um balan\u00e7o sobre os investimentos no evento deste ano, ressaltando que o governo do Estado investiu R$ 60 milh\u00f5es n\u00e3o somente no Carnaval, mas nos diversos eventos promovidos no estado.<\/p>\n\n\n\n<p>O conselheiro Bruno Tet\u00e9 falou sobre seu trabalho acad\u00eamico, contextualizando a festa do Carnaval com a hist\u00f3ria do samba, o surgimento das agremia\u00e7\u00f5es e o envolvimento das comunidades na produ\u00e7\u00e3o do evento.<\/p>\n\n\n\n<p>O painel da Moda contou com Celina de Farias, presidente do Conselho Internacional do Instituto Zuzu Angel e membro do Conselho de Cultura, e a estilista e figurinista Roberta Aguiar, abordaram a moda na maior festa popular do Brasil. Elas mostraram os materiais mais utilizados pelo Instituto no processo de customiza\u00e7\u00e3o das pe\u00e7as, as aplica\u00e7\u00f5es e a\u00e7\u00f5es sustent\u00e1veis e as cria\u00e7\u00f5es personalizadas para as marcas.<\/p>\n\n\n\n<p>Encerrando o evento, Sergio da Costa e Silva agradeceu ao conselheiro Haroldo Costa, ausente por motivo de sa\u00fade, pela montagem do Semin\u00e1rio e ressaltou a import\u00e2ncia do carnaval, \u201cque n\u00e3o acaba na quarta-feira, mas dura o ano inteiro, mostrando o outro lado do carnaval e seu reflexo na economia criativa, movimentando os neg\u00f3cios do Rio de Janeiro e do pa\u00eds sob todos os aspectos al\u00e9m de projetar a cidade internacionalmente\u201d, finalizou.<\/p>\n\n\n\n<figure class=\"wp-block-gallery has-nested-images columns-2 is-cropped wp-block-gallery-1 is-layout-flex wp-block-gallery-is-layout-flex\">\n<figure class=\"wp-block-image size-large\"><img fetchpriority=\"high\" decoding=\"async\" width=\"1024\" height=\"768\" data-id=\"23962\" src=\"https:\/\/acrj.org.br\/wp-content\/uploads\/2024\/03\/celina-e-roberta-1-1024x768.jpeg\" alt=\"\" class=\"wp-image-23962\" srcset=\"https:\/\/acrj.org.br\/wp-content\/uploads\/2024\/03\/celina-e-roberta-1-1024x768.jpeg 1024w, https:\/\/acrj.org.br\/wp-content\/uploads\/2024\/03\/celina-e-roberta-1-600x450.jpeg 600w, https:\/\/acrj.org.br\/wp-content\/uploads\/2024\/03\/celina-e-roberta-1-300x225.jpeg 300w, https:\/\/acrj.org.br\/wp-content\/uploads\/2024\/03\/celina-e-roberta-1-768x576.jpeg 768w, https:\/\/acrj.org.br\/wp-content\/uploads\/2024\/03\/celina-e-roberta-1-1536x1152.jpeg 1536w, https:\/\/acrj.org.br\/wp-content\/uploads\/2024\/03\/celina-e-roberta-1.jpeg 1600w\" sizes=\"(max-width: 1024px) 100vw, 1024px\" \/><figcaption class=\"wp-element-caption\">Celina de Farias e Roberta Aguiar<\/figcaption><\/figure>\n\n\n\n<figure class=\"wp-block-image size-large\"><img decoding=\"async\" width=\"1024\" height=\"976\" data-id=\"23958\" src=\"https:\/\/acrj.org.br\/wp-content\/uploads\/2024\/03\/celia-1-1024x976.jpg\" alt=\"\" class=\"wp-image-23958\" srcset=\"https:\/\/acrj.org.br\/wp-content\/uploads\/2024\/03\/celia-1-1024x976.jpg 1024w, https:\/\/acrj.org.br\/wp-content\/uploads\/2024\/03\/celia-1-600x572.jpg 600w, https:\/\/acrj.org.br\/wp-content\/uploads\/2024\/03\/celia-1-300x286.jpg 300w, https:\/\/acrj.org.br\/wp-content\/uploads\/2024\/03\/celia-1-768x732.jpg 768w, https:\/\/acrj.org.br\/wp-content\/uploads\/2024\/03\/celia-1.jpg 1180w\" sizes=\"(max-width: 1024px) 100vw, 1024px\" \/><figcaption class=\"wp-element-caption\">C\u00e9lia Domingues<\/figcaption><\/figure>\n\n\n\n<figure class=\"wp-block-image size-large\"><img decoding=\"async\" width=\"1024\" height=\"759\" data-id=\"23963\" src=\"https:\/\/acrj.org.br\/wp-content\/uploads\/2024\/03\/firmino-2-1024x759.jpg\" alt=\"\" class=\"wp-image-23963\" srcset=\"https:\/\/acrj.org.br\/wp-content\/uploads\/2024\/03\/firmino-2-1024x759.jpg 1024w, https:\/\/acrj.org.br\/wp-content\/uploads\/2024\/03\/firmino-2-600x445.jpg 600w, https:\/\/acrj.org.br\/wp-content\/uploads\/2024\/03\/firmino-2-300x222.jpg 300w, https:\/\/acrj.org.br\/wp-content\/uploads\/2024\/03\/firmino-2-768x569.jpg 768w, https:\/\/acrj.org.br\/wp-content\/uploads\/2024\/03\/firmino-2.jpg 1202w\" sizes=\"(max-width: 1024px) 100vw, 1024px\" \/><figcaption class=\"wp-element-caption\">S\u00e9rgio Firmino<\/figcaption><\/figure>\n\n\n\n<figure class=\"wp-block-image size-large\"><img loading=\"lazy\" decoding=\"async\" width=\"953\" height=\"596\" data-id=\"23966\" src=\"https:\/\/acrj.org.br\/wp-content\/uploads\/2024\/03\/maria-augusta-2-edited.jpg\" alt=\"\" class=\"wp-image-23966\" srcset=\"https:\/\/acrj.org.br\/wp-content\/uploads\/2024\/03\/maria-augusta-2-edited.jpg 953w, https:\/\/acrj.org.br\/wp-content\/uploads\/2024\/03\/maria-augusta-2-edited-600x375.jpg 600w, https:\/\/acrj.org.br\/wp-content\/uploads\/2024\/03\/maria-augusta-2-edited-300x188.jpg 300w, https:\/\/acrj.org.br\/wp-content\/uploads\/2024\/03\/maria-augusta-2-edited-768x480.jpg 768w\" sizes=\"(max-width: 953px) 100vw, 953px\" \/><figcaption class=\"wp-element-caption\">Maria Augusta<\/figcaption><\/figure>\n<\/figure>\n\n\n\n<figure class=\"wp-block-gallery has-nested-images columns-2 is-cropped wp-block-gallery-2 is-layout-flex wp-block-gallery-is-layout-flex\">\n<figure class=\"wp-block-image size-full\"><img loading=\"lazy\" decoding=\"async\" width=\"979\" height=\"612\" data-id=\"23965\" src=\"https:\/\/acrj.org.br\/wp-content\/uploads\/2024\/03\/bruno-1-edited.jpg\" alt=\"\" class=\"wp-image-23965\" srcset=\"https:\/\/acrj.org.br\/wp-content\/uploads\/2024\/03\/bruno-1-edited.jpg 979w, https:\/\/acrj.org.br\/wp-content\/uploads\/2024\/03\/bruno-1-edited-600x375.jpg 600w, https:\/\/acrj.org.br\/wp-content\/uploads\/2024\/03\/bruno-1-edited-300x188.jpg 300w, https:\/\/acrj.org.br\/wp-content\/uploads\/2024\/03\/bruno-1-edited-768x480.jpg 768w\" sizes=\"(max-width: 979px) 100vw, 979px\" \/><figcaption class=\"wp-element-caption\">Bruno Tet\u00e9<\/figcaption><\/figure>\n\n\n\n<figure class=\"wp-block-image size-full\"><img loading=\"lazy\" decoding=\"async\" width=\"1600\" height=\"1200\" data-id=\"23956\" src=\"https:\/\/acrj.org.br\/wp-content\/uploads\/2024\/03\/WhatsApp-Image-2024-03-26-at-17.22.42.jpeg\" alt=\"\" class=\"wp-image-23956\" srcset=\"https:\/\/acrj.org.br\/wp-content\/uploads\/2024\/03\/WhatsApp-Image-2024-03-26-at-17.22.42.jpeg 1600w, https:\/\/acrj.org.br\/wp-content\/uploads\/2024\/03\/WhatsApp-Image-2024-03-26-at-17.22.42-600x450.jpeg 600w, https:\/\/acrj.org.br\/wp-content\/uploads\/2024\/03\/WhatsApp-Image-2024-03-26-at-17.22.42-300x225.jpeg 300w, https:\/\/acrj.org.br\/wp-content\/uploads\/2024\/03\/WhatsApp-Image-2024-03-26-at-17.22.42-1024x768.jpeg 1024w, https:\/\/acrj.org.br\/wp-content\/uploads\/2024\/03\/WhatsApp-Image-2024-03-26-at-17.22.42-768x576.jpeg 768w, https:\/\/acrj.org.br\/wp-content\/uploads\/2024\/03\/WhatsApp-Image-2024-03-26-at-17.22.42-1536x1152.jpeg 1536w\" sizes=\"(max-width: 1600px) 100vw, 1600px\" \/><\/figure>\n<\/figure>\n","protected":false},"excerpt":{"rendered":"<p>O Carnaval e seus diversos aspectos \u2013 cultural, econ\u00f4mico, tur\u00edstico e art\u00edstico &#8211; &nbsp;foram tema de debate durante o semin\u00e1rio promovido pelo Conselho de Cultura&hellip;<\/p>\n","protected":false},"author":3,"featured_media":23950,"comment_status":"closed","ping_status":"open","sticky":false,"template":"","format":"standard","meta":{"_exactmetrics_skip_tracking":false,"_exactmetrics_sitenote_active":false,"_exactmetrics_sitenote_note":"","_exactmetrics_sitenote_category":0,"footnotes":""},"categories":[56,10],"tags":[],"class_list":["post-23949","post","type-post","status-publish","format-standard","has-post-thumbnail","hentry","category-destaque_conselhos","category-noticias"],"_links":{"self":[{"href":"https:\/\/acrj.org.br\/index.php\/wp-json\/wp\/v2\/posts\/23949","targetHints":{"allow":["GET"]}}],"collection":[{"href":"https:\/\/acrj.org.br\/index.php\/wp-json\/wp\/v2\/posts"}],"about":[{"href":"https:\/\/acrj.org.br\/index.php\/wp-json\/wp\/v2\/types\/post"}],"author":[{"embeddable":true,"href":"https:\/\/acrj.org.br\/index.php\/wp-json\/wp\/v2\/users\/3"}],"replies":[{"embeddable":true,"href":"https:\/\/acrj.org.br\/index.php\/wp-json\/wp\/v2\/comments?post=23949"}],"version-history":[{"count":0,"href":"https:\/\/acrj.org.br\/index.php\/wp-json\/wp\/v2\/posts\/23949\/revisions"}],"wp:featuredmedia":[{"embeddable":true,"href":"https:\/\/acrj.org.br\/index.php\/wp-json\/wp\/v2\/media\/23950"}],"wp:attachment":[{"href":"https:\/\/acrj.org.br\/index.php\/wp-json\/wp\/v2\/media?parent=23949"}],"wp:term":[{"taxonomy":"category","embeddable":true,"href":"https:\/\/acrj.org.br\/index.php\/wp-json\/wp\/v2\/categories?post=23949"},{"taxonomy":"post_tag","embeddable":true,"href":"https:\/\/acrj.org.br\/index.php\/wp-json\/wp\/v2\/tags?post=23949"}],"curies":[{"name":"wp","href":"https:\/\/api.w.org\/{rel}","templated":true}]}}