{"id":23927,"date":"2024-03-27T12:14:25","date_gmt":"2024-03-27T15:14:25","guid":{"rendered":"https:\/\/acrj.org.br\/?p=23927"},"modified":"2024-04-08T20:06:57","modified_gmt":"2024-04-08T23:06:57","slug":"conselho-de-energia-debate-concessao-de-gas-do-rio-lei-e-pls-do-setor-e-agenda-de-atividades","status":"publish","type":"post","link":"https:\/\/acrj.org.br\/index.php\/2024\/03\/27\/conselho-de-energia-debate-concessao-de-gas-do-rio-lei-e-pls-do-setor-e-agenda-de-atividades\/","title":{"rendered":"Conselho de Energia debate concess\u00e3o de g\u00e1s do Rio, Leis e PLs do setor e agenda de atividades"},"content":{"rendered":"\n<p>O Conselho Empresarial de Energia e Transi\u00e7\u00e3o Energ\u00e9tica da ACRJ definiu os Projetos de Lei, Leis e Projetos relevantes para o segmento que ser\u00e3o objeto de an\u00e1lise pela presid\u00eancia da Casa para uma defesa pelo setor. A lista foi apresentada pelo presidente do Conselho, Gabriel Kropsch, durante a reuni\u00e3o realizada nesta 3\u00aa feira (26\/3).<\/p>\n\n\n\n<p>Entre eles, foram listados os Projetos de Lei 327\/21, que trata do Programa de Acelera\u00e7\u00e3o da Transi\u00e7\u00e3o Energ\u00e9tica (Paten); e o de n\u00ba 528\/20, sobre Combust\u00edvel do Futuro, al\u00e9m do Decreto 48.813, de novembro de 2023, sobre Programa Corredores Sustent\u00e1veis; e a Lei 8.264\/24, que obriga que at\u00e9 2040 todos os \u00f4nibus do sistema municipal da capital fluminense sejam el\u00e9tricos.<\/p>\n\n\n\n<p>Foram mencionadas ainda as consultas p\u00fablicas em andamento n\u00ba 01\/2024, que solicita contribui\u00e7\u00f5es para Agenda Estrat\u00e9gica de Transi\u00e7\u00e3o Energ\u00e9tica do estado do Rio de Janeiro, e a de n\u00ba 160, sobre as Diretrizes para a realiza\u00e7\u00e3o do Leil\u00e3o para Contrata\u00e7\u00e3o de Pot\u00eancia El\u00e9trica, a partir de empreendimentos de gera\u00e7\u00e3o, novos e existentes, denominado \u201cLeil\u00e3o de Reserva de Capacidade na forma de Pot\u00eancia de 2024 &#8211; LRCAP de 2024\u201d. Em rela\u00e7\u00e3o \u00e0s consultas p\u00fablicas, o Conselho participa com o envio de sugest\u00f5es.<\/p>\n\n\n\n<p>Gabriel tamb\u00e9m adiantou algumas a\u00e7\u00f5es do Conselho no que se refere \u00e0 \u2060seguran\u00e7a nas unidades de gera\u00e7\u00e3o solar. A proposta \u00e9 fazer um levantamento da estimativa de perdas de energia e g\u00e1s, roubo de cabos, etc, para dar subs\u00eddios para a ACRJ colaborar na defesa t\u00e9cnica da recupera\u00e7\u00e3o do setor el\u00e9trico, inclusive junto ao Poder Judici\u00e1rio. O material ser\u00e1 circulado pelo Conselheiro Mauricio Ribeiro.<\/p>\n\n\n\n<p>Outro tema abordado foi a renova\u00e7\u00e3o do Contrato de Concess\u00e3o de Distribui\u00e7\u00e3o de G\u00e1s, que contou com uma exposi\u00e7\u00e3o pela vice-presidente do Conselho, Katia Repsold, Country Manager da Naturgy. Ela explicou que o contrato se encerra em junho de 2027 e em tr\u00eas meses a empresa deve apresentar um plano com Cen\u00e1rios de investimento com e sem a renova\u00e7\u00e3o. Diversas quest\u00f5es est\u00e3o envolvidas neste processo, como o custo do \u201ctransporte\u201d de g\u00e1s embutido na tarifa, que encarece o pre\u00e7o e reduz competitividade do Rio, e o Mercado Livre, que \u00e9 diferente no modelo de concess\u00e3o X autoriza\u00e7\u00e3o em outros pa\u00edses.<\/p>\n\n\n\n<p>Por fim, o Conselho debateu algumas atividades para este ano, como a organiza\u00e7\u00e3o de uma Agenda Anual de eventos pr\u00f3prios e em parceira com outros Conselhos Empresarias da ACRJ e institui\u00e7\u00f5es e de encontros tem\u00e1ticos; publica\u00e7\u00e3o das empresas associadas e membros do Conselho no site da ACRJ; proposta de treinamento\/capacita\u00e7\u00e3o em parceria com Associados da Casa; e organiza\u00e7\u00e3o de um espa\u00e7o de co-working para Associados dentro da ACRJ.<\/p>\n","protected":false},"excerpt":{"rendered":"<p>O Conselho Empresarial de Energia e Transi\u00e7\u00e3o Energ\u00e9tica da ACRJ definiu os Projetos de Lei, Leis e Projetos relevantes para o segmento que ser\u00e3o objeto&hellip;<\/p>\n","protected":false},"author":3,"featured_media":23928,"comment_status":"closed","ping_status":"open","sticky":false,"template":"","format":"standard","meta":{"_exactmetrics_skip_tracking":false,"_exactmetrics_sitenote_active":false,"_exactmetrics_sitenote_note":"","_exactmetrics_sitenote_category":0,"footnotes":""},"categories":[56,10],"tags":[],"class_list":["post-23927","post","type-post","status-publish","format-standard","has-post-thumbnail","hentry","category-destaque_conselhos","category-noticias"],"_links":{"self":[{"href":"https:\/\/acrj.org.br\/index.php\/wp-json\/wp\/v2\/posts\/23927","targetHints":{"allow":["GET"]}}],"collection":[{"href":"https:\/\/acrj.org.br\/index.php\/wp-json\/wp\/v2\/posts"}],"about":[{"href":"https:\/\/acrj.org.br\/index.php\/wp-json\/wp\/v2\/types\/post"}],"author":[{"embeddable":true,"href":"https:\/\/acrj.org.br\/index.php\/wp-json\/wp\/v2\/users\/3"}],"replies":[{"embeddable":true,"href":"https:\/\/acrj.org.br\/index.php\/wp-json\/wp\/v2\/comments?post=23927"}],"version-history":[{"count":0,"href":"https:\/\/acrj.org.br\/index.php\/wp-json\/wp\/v2\/posts\/23927\/revisions"}],"wp:featuredmedia":[{"embeddable":true,"href":"https:\/\/acrj.org.br\/index.php\/wp-json\/wp\/v2\/media\/23928"}],"wp:attachment":[{"href":"https:\/\/acrj.org.br\/index.php\/wp-json\/wp\/v2\/media?parent=23927"}],"wp:term":[{"taxonomy":"category","embeddable":true,"href":"https:\/\/acrj.org.br\/index.php\/wp-json\/wp\/v2\/categories?post=23927"},{"taxonomy":"post_tag","embeddable":true,"href":"https:\/\/acrj.org.br\/index.php\/wp-json\/wp\/v2\/tags?post=23927"}],"curies":[{"name":"wp","href":"https:\/\/api.w.org\/{rel}","templated":true}]}}